{"id":631,"date":"2017-02-28T09:06:21","date_gmt":"2017-02-28T08:06:21","guid":{"rendered":"http:\/\/wp.sbhss.eu\/?p=631"},"modified":"2017-02-28T09:06:21","modified_gmt":"2017-02-28T08:06:21","slug":"european-week-of-regions-and-cities","status":"publish","type":"post","link":"https:\/\/www.sbhss.eu\/sv\/european-week-of-regions-and-cities\/","title":{"rendered":"European Week of Regions and Cities"},"content":{"rendered":"<p>F\u00f6r 15:e g\u00e5ngen arrangerar Regionkommitt\u00e9n och EU-kommissionens generaldirektorat f\u00f6r regional- och stadspolitik European Week of Regions and Cities (tidigare Open Days). 9-12 oktober samlas lokala, regionala, nationella och europeiska beslutsfattare, experter, tj\u00e4nstepersoner, handl\u00e4ggare och m\u00e5nga andra i Bryssel f\u00f6r att skapa kontakter, utbyta erfarenheter och etablera samarbeten.<\/p>\n<p><!--more--><\/p>\n<p>Sedan 2003 arrangeras en vecka i oktober med ett hundratal seminarier, workshops, debatter och n\u00e4tverkstr\u00e4ffar, n\u00e5got som lockar ungef\u00e4r 6 000 bes\u00f6kare varje \u00e5r. \u00c4mnen som brukar behandlas \u00e4r utbyte av goda exempel, gr\u00e4ns\u00f6verskridande samarbeten och partnerskap, regional innovation och lokal utveckling. Teman och evenemang under \u00e5rets vecka <a href=\"http:\/\/ec.europa.eu\/regional_policy\/regions-and-cities\/2017\/index.cfm\">g\u00e5r att l\u00e4sa om p\u00e5 veckans hemsida<\/a>. \u00c4mnen som kommer behandlas inkluderar dels regionpolitikens framtid och dels hur globaliseringens fortsatta effekter ska m\u00f6tas politiskt. Hur kan politiken m\u00f6ta de ekonomiska och sociala utmaningar som skapas n\u00e4r enkla industriarbeten ers\u00e4tts med en allt mer serviceinriktad ekonomi? Hur har den egna regionen arbetat f\u00f6r att m\u00f6ta dessa utmaningar \u2013 och vad kan den l\u00e4ra och l\u00e4ra av andra?<\/p>\n<p>F\u00f6r Sm\u00e5land-Blekinge-Hallands del precis som f\u00f6r EU:s \u00f6vriga regioner \u00e4r denna vecka i oktober ett ypperligt tillf\u00e4lle att knyta kontakter f\u00f6r p\u00e5g\u00e5ende och framtida projekt. Den ger ocks\u00e5 m\u00e5nga chanser att l\u00e4ra av andras erfarenheter, till att inh\u00e4mta inspiration f\u00f6r det egna utvecklingsarbetet regionalt och lokalt. Det \u00e4r chanser som b\u00e5de offentliga och privata akt\u00f6rer anv\u00e4nt \u00f6ver \u00e5ren. Brysselkontoret kan innan och under veckan anv\u00e4ndas som en m\u00f6tesplats, d\u00f6rr\u00f6ppnare och en v\u00e4g till kontakter inte bara i Bryssel utan med representanter fr\u00e5n alla EU:s regioner. &nbsp;Visserligen \u00e4r det redan f\u00f6r sent att ing\u00e5 ett formellt konsortiumsamarbete, men den kommande veckan i oktober kommer \u00e4nd\u00e5 vara en viktig post att skriva in i kalendern. Eftersom konsortier \u00e4r formellt avtalade samarbeten inom ett EU-finansierat projekt inneb\u00e4r detta att kontakter och id\u00e9er till projekt m\u00e5ste skapas med l\u00e5ng framf\u00f6rh\u00e5llning innan oktober. Detta \u00e4r dock som sagt inget som hindrar veckan fr\u00e5n att bidra med mycken inspiration och tillf\u00e4llen till att bilda andra samarbeten. F\u00f6rra \u00e5ret var exempelvis 16 personer fr\u00e5n Sm\u00e5land-Blekinge-Halland h\u00e4r under veckan f\u00f6r att diskutera samverkan p\u00e5 hemmaplan i Sverige, s\u00e5 tveka inte att kontakta oss p\u00e5 Brysselkontoret f\u00f6r mer information.<\/p>\n<p>Registreringen f\u00f6r veckan \u00f6ppnar f\u00f6rst i juli, men m\u00e5nga av de kommande evenemangen och diskussions\u00e4mnena <a href=\"http:\/\/ec.europa.eu\/regional_policy\/regions-and-cities\/2017\/index.cfm\" title=\"\">finns redan nu p\u00e5 hemsidan<\/a>. Veckan kommer s\u00e4kerligen \u00e4ven att, precis som andra \u00e5r, kantas av en l\u00e5ng rad sido-event som kan vara lika eller till och med mer intressanta \u00e4n de officiella evenemangen. Intresserade kan d\u00e4rf\u00f6r med f\u00f6rdel h\u00e5lla kontakt med oss p\u00e5 Brysselkontoret f\u00f6r att f\u00e5 mer information om veckans b\u00e5de officiella och inofficiella evenemang.&nbsp;<\/p>\n<p><a href=\"http:\/\/ec.europa.eu\/regional_policy\/regions-and-cities\/2017\/index.cfm\" title=\"\"><img loading=\"lazy\" decoding=\"async\" class=\" size-full wp-image-630\" alt=\"\" class=\"pull-center\" src=\"https:\/\/www.sbhss.eu\/wp-content\/uploads\/2017\/02\/European-week-of-regions-and-cities-rtt.jpg\" width=\"427\" height=\"132\" \/><\/a><\/p>\n","protected":false},"excerpt":{"rendered":"<p>F\u00f6r 15:e g\u00e5ngen arrangerar Regionkommitt\u00e9n och EU-kommissionens generaldirektorat f\u00f6r regional- och stadspolitik European Week of Regions and Cities (tidigare Open Days). 9-12 oktober samlas lokala, regionala, nationella och europeiska beslutsfattare, experter, tj\u00e4nstepersoner, handl\u00e4ggare och m\u00e5nga andra i Bryssel f\u00f6r att skapa kontakter, utbyta erfarenheter och etablera samarbeten.<\/p>\n","protected":false},"author":3,"featured_media":630,"comment_status":"open","ping_status":"open","sticky":false,"template":"","format":"standard","meta":{"_acf_changed":false,"footnotes":""},"categories":[11],"tags":[],"class_list":["post-631","post","type-post","status-publish","format-standard","has-post-thumbnail","hentry","category-hem"],"acf":[],"yoast_head":"<!-- This site is optimized with the Yoast SEO plugin v27.5 - https:\/\/yoast.com\/product\/yoast-seo-wordpress\/ -->\n<title>European Week of Regions and Cities - SBHSS<\/title>\n<meta name=\"robots\" content=\"index, follow, max-snippet:-1, max-image-preview:large, max-video-preview:-1\" \/>\n<link rel=\"canonical\" href=\"https:\/\/www.sbhss.eu\/sv\/european-week-of-regions-and-cities\/\" \/>\n<meta property=\"og:locale\" content=\"sv_SE\" \/>\n<meta property=\"og:type\" content=\"article\" \/>\n<meta property=\"og:title\" content=\"European Week of Regions and Cities - SBHSS\" \/>\n<meta property=\"og:description\" content=\"F\u00f6r 15:e g\u00e5ngen arrangerar Regionkommitt\u00e9n och EU-kommissionens generaldirektorat f\u00f6r regional- och stadspolitik European Week of Regions and Cities (tidigare Open Days). 9-12 oktober samlas lokala, regionala, nationella och europeiska beslutsfattare, experter, tj\u00e4nstepersoner, handl\u00e4ggare och m\u00e5nga andra i Bryssel f\u00f6r att skapa kontakter, utbyta erfarenheter och etablera samarbeten.\" \/>\n<meta property=\"og:url\" content=\"https:\/\/www.sbhss.eu\/sv\/european-week-of-regions-and-cities\/\" \/>\n<meta property=\"og:site_name\" content=\"SBHSS\" \/>\n<meta property=\"article:published_time\" content=\"2017-02-28T08:06:21+00:00\" \/>\n<meta name=\"author\" content=\"Sven Kast\u00f6\" \/>\n<meta name=\"twitter:card\" content=\"summary_large_image\" \/>\n<meta name=\"twitter:label1\" content=\"Skriven av\" \/>\n\t<meta name=\"twitter:data1\" content=\"Sven Kast\u00f6\" \/>\n\t<meta name=\"twitter:label2\" content=\"Ber\u00e4knad l\u00e4stid\" \/>\n\t<meta name=\"twitter:data2\" content=\"2 minuter\" \/>\n<script type=\"application\/ld+json\" class=\"yoast-schema-graph\">{\"@context\":\"https:\\\/\\\/schema.org\",\"@graph\":[{\"@type\":\"Article\",\"@id\":\"https:\\\/\\\/www.sbhss.eu\\\/sv\\\/european-week-of-regions-and-cities\\\/#article\",\"isPartOf\":{\"@id\":\"https:\\\/\\\/www.sbhss.eu\\\/sv\\\/european-week-of-regions-and-cities\\\/\"},\"author\":{\"name\":\"Sven Kast\u00f6\",\"@id\":\"https:\\\/\\\/www.sbhss.eu\\\/#\\\/schema\\\/person\\\/b8d8eb4c1088a05ed50ecff9b2bf643f\"},\"headline\":\"European Week of Regions and Cities\",\"datePublished\":\"2017-02-28T08:06:21+00:00\",\"mainEntityOfPage\":{\"@id\":\"https:\\\/\\\/www.sbhss.eu\\\/sv\\\/european-week-of-regions-and-cities\\\/\"},\"wordCount\":500,\"commentCount\":0,\"image\":{\"@id\":\"https:\\\/\\\/www.sbhss.eu\\\/sv\\\/european-week-of-regions-and-cities\\\/#primaryimage\"},\"thumbnailUrl\":\"\",\"articleSection\":[\"Hem - Startsidan\"],\"inLanguage\":\"sv-SE\"},{\"@type\":\"WebPage\",\"@id\":\"https:\\\/\\\/www.sbhss.eu\\\/sv\\\/european-week-of-regions-and-cities\\\/\",\"url\":\"https:\\\/\\\/www.sbhss.eu\\\/sv\\\/european-week-of-regions-and-cities\\\/\",\"name\":\"European Week of Regions and Cities - SBHSS\",\"isPartOf\":{\"@id\":\"https:\\\/\\\/www.sbhss.eu\\\/#website\"},\"primaryImageOfPage\":{\"@id\":\"https:\\\/\\\/www.sbhss.eu\\\/sv\\\/european-week-of-regions-and-cities\\\/#primaryimage\"},\"image\":{\"@id\":\"https:\\\/\\\/www.sbhss.eu\\\/sv\\\/european-week-of-regions-and-cities\\\/#primaryimage\"},\"thumbnailUrl\":\"\",\"datePublished\":\"2017-02-28T08:06:21+00:00\",\"author\":{\"@id\":\"https:\\\/\\\/www.sbhss.eu\\\/#\\\/schema\\\/person\\\/b8d8eb4c1088a05ed50ecff9b2bf643f\"},\"breadcrumb\":{\"@id\":\"https:\\\/\\\/www.sbhss.eu\\\/sv\\\/european-week-of-regions-and-cities\\\/#breadcrumb\"},\"inLanguage\":\"sv-SE\",\"potentialAction\":[{\"@type\":\"ReadAction\",\"target\":[\"https:\\\/\\\/www.sbhss.eu\\\/sv\\\/european-week-of-regions-and-cities\\\/\"]}]},{\"@type\":\"ImageObject\",\"inLanguage\":\"sv-SE\",\"@id\":\"https:\\\/\\\/www.sbhss.eu\\\/sv\\\/european-week-of-regions-and-cities\\\/#primaryimage\",\"url\":\"\",\"contentUrl\":\"\"},{\"@type\":\"BreadcrumbList\",\"@id\":\"https:\\\/\\\/www.sbhss.eu\\\/sv\\\/european-week-of-regions-and-cities\\\/#breadcrumb\",\"itemListElement\":[{\"@type\":\"ListItem\",\"position\":1,\"name\":\"Hem\",\"item\":\"https:\\\/\\\/www.sbhss.eu\\\/sv\\\/\"},{\"@type\":\"ListItem\",\"position\":2,\"name\":\"European Week of Regions and Cities\"}]},{\"@type\":\"WebSite\",\"@id\":\"https:\\\/\\\/www.sbhss.eu\\\/#website\",\"url\":\"https:\\\/\\\/www.sbhss.eu\\\/\",\"name\":\"SBHSS\",\"description\":\"\",\"potentialAction\":[{\"@type\":\"SearchAction\",\"target\":{\"@type\":\"EntryPoint\",\"urlTemplate\":\"https:\\\/\\\/www.sbhss.eu\\\/?s={search_term_string}\"},\"query-input\":{\"@type\":\"PropertyValueSpecification\",\"valueRequired\":true,\"valueName\":\"search_term_string\"}}],\"inLanguage\":\"sv-SE\"},{\"@type\":\"Person\",\"@id\":\"https:\\\/\\\/www.sbhss.eu\\\/#\\\/schema\\\/person\\\/b8d8eb4c1088a05ed50ecff9b2bf643f\",\"name\":\"Sven Kast\u00f6\",\"image\":{\"@type\":\"ImageObject\",\"inLanguage\":\"sv-SE\",\"@id\":\"https:\\\/\\\/secure.gravatar.com\\\/avatar\\\/4ce3985fbe5a36073e6a0cbba2acaad0da794332aeb9a944eca4c7548361a263?s=96&d=mm&r=g\",\"url\":\"https:\\\/\\\/secure.gravatar.com\\\/avatar\\\/4ce3985fbe5a36073e6a0cbba2acaad0da794332aeb9a944eca4c7548361a263?s=96&d=mm&r=g\",\"contentUrl\":\"https:\\\/\\\/secure.gravatar.com\\\/avatar\\\/4ce3985fbe5a36073e6a0cbba2acaad0da794332aeb9a944eca4c7548361a263?s=96&d=mm&r=g\",\"caption\":\"Sven Kast\u00f6\"},\"url\":\"https:\\\/\\\/www.sbhss.eu\\\/sv\\\/author\\\/sven-kastosbhss-eu\\\/\"}]}<\/script>\n<!-- \/ Yoast SEO plugin. -->","yoast_head_json":{"title":"European Week of Regions and Cities - SBHSS","robots":{"index":"index","follow":"follow","max-snippet":"max-snippet:-1","max-image-preview":"max-image-preview:large","max-video-preview":"max-video-preview:-1"},"canonical":"https:\/\/www.sbhss.eu\/sv\/european-week-of-regions-and-cities\/","og_locale":"sv_SE","og_type":"article","og_title":"European Week of Regions and Cities - SBHSS","og_description":"F\u00f6r 15:e g\u00e5ngen arrangerar Regionkommitt\u00e9n och EU-kommissionens generaldirektorat f\u00f6r regional- och stadspolitik European Week of Regions and Cities (tidigare Open Days). 9-12 oktober samlas lokala, regionala, nationella och europeiska beslutsfattare, experter, tj\u00e4nstepersoner, handl\u00e4ggare och m\u00e5nga andra i Bryssel f\u00f6r att skapa kontakter, utbyta erfarenheter och etablera samarbeten.","og_url":"https:\/\/www.sbhss.eu\/sv\/european-week-of-regions-and-cities\/","og_site_name":"SBHSS","article_published_time":"2017-02-28T08:06:21+00:00","author":"Sven Kast\u00f6","twitter_card":"summary_large_image","twitter_misc":{"Skriven av":"Sven Kast\u00f6","Ber\u00e4knad l\u00e4stid":"2 minuter"},"schema":{"@context":"https:\/\/schema.org","@graph":[{"@type":"Article","@id":"https:\/\/www.sbhss.eu\/sv\/european-week-of-regions-and-cities\/#article","isPartOf":{"@id":"https:\/\/www.sbhss.eu\/sv\/european-week-of-regions-and-cities\/"},"author":{"name":"Sven Kast\u00f6","@id":"https:\/\/www.sbhss.eu\/#\/schema\/person\/b8d8eb4c1088a05ed50ecff9b2bf643f"},"headline":"European Week of Regions and Cities","datePublished":"2017-02-28T08:06:21+00:00","mainEntityOfPage":{"@id":"https:\/\/www.sbhss.eu\/sv\/european-week-of-regions-and-cities\/"},"wordCount":500,"commentCount":0,"image":{"@id":"https:\/\/www.sbhss.eu\/sv\/european-week-of-regions-and-cities\/#primaryimage"},"thumbnailUrl":"","articleSection":["Hem - Startsidan"],"inLanguage":"sv-SE"},{"@type":"WebPage","@id":"https:\/\/www.sbhss.eu\/sv\/european-week-of-regions-and-cities\/","url":"https:\/\/www.sbhss.eu\/sv\/european-week-of-regions-and-cities\/","name":"European Week of Regions and Cities - SBHSS","isPartOf":{"@id":"https:\/\/www.sbhss.eu\/#website"},"primaryImageOfPage":{"@id":"https:\/\/www.sbhss.eu\/sv\/european-week-of-regions-and-cities\/#primaryimage"},"image":{"@id":"https:\/\/www.sbhss.eu\/sv\/european-week-of-regions-and-cities\/#primaryimage"},"thumbnailUrl":"","datePublished":"2017-02-28T08:06:21+00:00","author":{"@id":"https:\/\/www.sbhss.eu\/#\/schema\/person\/b8d8eb4c1088a05ed50ecff9b2bf643f"},"breadcrumb":{"@id":"https:\/\/www.sbhss.eu\/sv\/european-week-of-regions-and-cities\/#breadcrumb"},"inLanguage":"sv-SE","potentialAction":[{"@type":"ReadAction","target":["https:\/\/www.sbhss.eu\/sv\/european-week-of-regions-and-cities\/"]}]},{"@type":"ImageObject","inLanguage":"sv-SE","@id":"https:\/\/www.sbhss.eu\/sv\/european-week-of-regions-and-cities\/#primaryimage","url":"","contentUrl":""},{"@type":"BreadcrumbList","@id":"https:\/\/www.sbhss.eu\/sv\/european-week-of-regions-and-cities\/#breadcrumb","itemListElement":[{"@type":"ListItem","position":1,"name":"Hem","item":"https:\/\/www.sbhss.eu\/sv\/"},{"@type":"ListItem","position":2,"name":"European Week of Regions and Cities"}]},{"@type":"WebSite","@id":"https:\/\/www.sbhss.eu\/#website","url":"https:\/\/www.sbhss.eu\/","name":"SBHSS","description":"","potentialAction":[{"@type":"SearchAction","target":{"@type":"EntryPoint","urlTemplate":"https:\/\/www.sbhss.eu\/?s={search_term_string}"},"query-input":{"@type":"PropertyValueSpecification","valueRequired":true,"valueName":"search_term_string"}}],"inLanguage":"sv-SE"},{"@type":"Person","@id":"https:\/\/www.sbhss.eu\/#\/schema\/person\/b8d8eb4c1088a05ed50ecff9b2bf643f","name":"Sven Kast\u00f6","image":{"@type":"ImageObject","inLanguage":"sv-SE","@id":"https:\/\/secure.gravatar.com\/avatar\/4ce3985fbe5a36073e6a0cbba2acaad0da794332aeb9a944eca4c7548361a263?s=96&d=mm&r=g","url":"https:\/\/secure.gravatar.com\/avatar\/4ce3985fbe5a36073e6a0cbba2acaad0da794332aeb9a944eca4c7548361a263?s=96&d=mm&r=g","contentUrl":"https:\/\/secure.gravatar.com\/avatar\/4ce3985fbe5a36073e6a0cbba2acaad0da794332aeb9a944eca4c7548361a263?s=96&d=mm&r=g","caption":"Sven Kast\u00f6"},"url":"https:\/\/www.sbhss.eu\/sv\/author\/sven-kastosbhss-eu\/"}]}},"_links":{"self":[{"href":"https:\/\/www.sbhss.eu\/sv\/wp-json\/wp\/v2\/posts\/631","targetHints":{"allow":["GET"]}}],"collection":[{"href":"https:\/\/www.sbhss.eu\/sv\/wp-json\/wp\/v2\/posts"}],"about":[{"href":"https:\/\/www.sbhss.eu\/sv\/wp-json\/wp\/v2\/types\/post"}],"author":[{"embeddable":true,"href":"https:\/\/www.sbhss.eu\/sv\/wp-json\/wp\/v2\/users\/3"}],"replies":[{"embeddable":true,"href":"https:\/\/www.sbhss.eu\/sv\/wp-json\/wp\/v2\/comments?post=631"}],"version-history":[{"count":0,"href":"https:\/\/www.sbhss.eu\/sv\/wp-json\/wp\/v2\/posts\/631\/revisions"}],"wp:featuredmedia":[{"embeddable":true,"href":"https:\/\/www.sbhss.eu\/sv\/wp-json\/"}],"wp:attachment":[{"href":"https:\/\/www.sbhss.eu\/sv\/wp-json\/wp\/v2\/media?parent=631"}],"wp:term":[{"taxonomy":"category","embeddable":true,"href":"https:\/\/www.sbhss.eu\/sv\/wp-json\/wp\/v2\/categories?post=631"},{"taxonomy":"post_tag","embeddable":true,"href":"https:\/\/www.sbhss.eu\/sv\/wp-json\/wp\/v2\/tags?post=631"}],"curies":[{"name":"wp","href":"https:\/\/api.w.org\/{rel}","templated":true}]}}