{"id":7748,"date":"2025-02-14T10:51:25","date_gmt":"2025-02-14T10:51:25","guid":{"rendered":"https:\/\/www.sbhss.eu\/?p=7748"},"modified":"2025-03-12T09:18:17","modified_gmt":"2025-03-12T09:18:17","slug":"eu-kommissionens-arbetsprogram-2025","status":"publish","type":"post","link":"https:\/\/www.sbhss.eu\/sv\/eu-kommissionens-arbetsprogram-2025\/","title":{"rendered":"EU-kommissionens arbetsprogram 2025"},"content":{"rendered":"<p style=\"text-align: justify;\"><em>P\u00e5 samma s\u00e4tt som det svenska politiska \u00e5ret drar i g\u00e5ng med riksdagens h\u00f6gtidliga \u00f6ppnande och budgetvandringen \u00f6ver Riksbron, har EU-maskineriet sina egna \u00e5rliga h\u00f6jdpunkter. <\/em><em>E<\/em><em>tt vanligt arbets\u00e5r i EU inleds med EU-kommissionens ordf\u00f6randes linjetal om tillst\u00e5ndet i den Europeiska unionen och d\u00e4refter presenterar kommissionen sitt arbetsprogram i oktober. Under ett EU-val\u00e5r ser det lite annorlunda ut eftersom det tar tid f\u00f6r en nya EU-kommission att komma p\u00e5 plats. Eftersom Kommissionen inledde sitt arbete f\u00f6rst i december 2024, har arbetsprogrammet f\u00f6r 2025 presenterats f\u00f6rst nu. Med arbetsprogrammet ute har EU-\u00e5ret kommit i g\u00e5ng med besked. L\u00e4s vidare om Brysselkontoret utdrag fr\u00e5n arbetsprogrammet och f\u00f6rslagen som kommer att pr\u00e4gla kommande fyra \u00e5r.<\/em><\/p>\n<p><!--more--><\/p>\n<h3><strong>EU-kommissionens \u00e5rliga arbetsprogram<\/strong><\/h3>\n<p style=\"text-align: justify;\"><img loading=\"lazy\" decoding=\"async\" class=\"size-medium wp-image-6575 alignleft\" src=\"https:\/\/www.sbhss.eu\/wp-content\/uploads\/2024\/06\/17b34294-016e-4f3b-b127-1fc11e1295f2-300x200.jpg\" alt=\"\" width=\"300\" height=\"200\" \/>EU-kommissionens arbetsprogram lyfter fram vilka f\u00f6rslag och initiativ kommissionen t\u00e4nker presentera under det kommande arbets\u00e5ret samt i vilket kvartal f\u00f6rslagen senast ska presenteras. Eftersom EU-kommissionen har initiativr\u00e4tt kring lagstiftning beh\u00f6ver samtliga akt\u00f6rer med EU-bevakning anpassa sig efter detta schema, inte minst svenska regioner med sina regionala representationer i Bryssel.<\/p>\n<blockquote><p><strong><em>\u00a0<\/em><\/strong><strong><em>&#8221;Citizens and businesses have called for a simpler EU that delivers prosperity. This work programme is our answer. We&#8217;ve heard you, we&#8217;re simplifying, and we will deliver. This <\/em><\/strong><strong>roadmap charts our course to a more competitive, resilient, and growth-oriented Europe&#8221; &#8211; <\/strong><strong>Ursula von der Leyen, ordf\u00f6rande f\u00f6r Europeiska <\/strong><strong>k<\/strong><strong>ommissionen<\/strong><strong style=\"text-align: justify;\">\u00a0<\/strong><\/p><\/blockquote>\n<p style=\"text-align: justify;\">Arbetsprogrammet presenterades den 12 februari och \u00e4r s\u00e4rskilt intressant i \u00e5r d\u00e5 den nya EU-kommissionen vill staka ut riktningen f\u00f6r sin politik under den kommande mandatperioden. Medan den f\u00f6rra mandatperioden fokuserade p\u00e5 klimat, milj\u00f6 och den gr\u00f6na omst\u00e4llningen, vill den nya kommissionen bygga vidare p\u00e5 tidigare anstr\u00e4ngningar genom att fokusera p\u00e5 europeisk konkurrens och motst\u00e5ndskraft (<a href=\"https:\/\/www.sbhss.eu\/sv\/kommissionens-nya-giv\/\">L\u00e4s mer h\u00e4r<\/a>). Dessa nya prioriteringar reflekteras tydligt i \u00e5rets arbetsprogram genom ett fokus p\u00e5 konkurrens och f\u00f6renkling av lagstiftning.<\/p>\n<p style=\"text-align: justify;\">\u00c5rets arbetsprogram inneh\u00e5ller 51 nya initiativ samt flera revideringsf\u00f6rslag p\u00e5 existerande lagstiftning. Utan att g\u00e5 in allt f\u00f6r mycket i detalj har SBHSS Brysselkontor nedan plockat ut de f\u00f6rslag som bed\u00f6ms vara av s\u00e4rskilt intresse f\u00f6r SBHSS \u00e4gare:<\/p>\n<h3 style=\"text-align: justify;\"><strong>Konkurrenskraft och administrativ f\u00f6renkling<\/strong><\/h3>\n<p style=\"text-align: justify;\"><strong><img loading=\"lazy\" decoding=\"async\" class=\" wp-image-7787 alignleft\" src=\"https:\/\/www.sbhss.eu\/wp-content\/uploads\/2025\/02\/scott-graham-5fnmwej4taa-unsplash-300x200.jpg\" alt=\"\" width=\"279\" height=\"186\" \/>Konkurrenskraftskompassen<\/strong>: Som Brysselkontoret tidigare skrivit om lanserade EU-kommissionen ett strategiskt dokument kallat \u201dKonkurrenskraftskompassen\u201d den 29 januari. Kompassen inneh\u00e5ller en plan f\u00f6r att st\u00e4rka EU:s konkurrenskraft och samlar initiativ f\u00f6r att g\u00f6ra EU ledande inom innovation, teknologi och h\u00e5llbar produktion. P\u00e5 m\u00e5nga s\u00e4tt \u00e4r konkurrenskraftskompassen EU:s \u201dnya giv\u201d s\u00e4tter p\u00e5 s\u00e5 s\u00e4tt ramarna f\u00f6r den innevarande mandatperioden. <a href=\"https:\/\/www.sbhss.eu\/sv\/kommissionens-nya-giv\/\">L\u00e4s mer om konkurrenskraftskompassen h\u00e4r<\/a>.<\/p>\n<p style=\"text-align: justify;\"><strong>Lagstiftningspaket f\u00f6r regelf\u00f6renklingar och minskad byr\u00e5krati: \u00a0<\/strong>En fr\u00e5ga som flera svenska europaparlamentariker drivit l\u00e4nge \u00e4r minskad byr\u00e5krati och regelf\u00f6renklingar. Med EU:s nya konkurrensfokus har dessa viljeyttringar b\u00f6nh\u00f6rts. Under v\u00e5ren kommer EU-kommissionen presentera tre lagstiftningspaket kring regelf\u00f6renklingar varav den f\u00f6rsta delen kommer lanseras den 26 februari. Resterande delar i kvartal tv\u00e5.<\/p>\n<p style=\"text-align: justify;\"><strong>EU:s n\u00e4sta l\u00e5ngtidsbudget: <\/strong>Den 11 februari kom det ett <span style=\"font-weight: normal !msorm;\">meddelande om processen inf\u00f6r framtagande av <\/span><span style=\"font-weight: normal !msorm;\">f\u00f6rslaget till <\/span><span style=\"font-weight: normal !msorm;\">\u00a0<\/span><span style=\"font-weight: normal !msorm;\">EU:s n\u00e4sta <\/span><span style=\"font-weight: normal !msorm;\">\u00a0l\u00e5ngtidsbudget<\/span>. Bland annat inneh\u00e5ller dokumentet information om europeiska samr\u00e5dsm\u00f6jligheter d\u00e4r regioner och akt\u00f6rer kan inkomma med synpunkter och id\u00e9er i EU:s l\u00e5ngtidsbudget och finansieringsprogram. Arbetsprogrammet f\u00f6rutser ocks\u00e5 att Kommissionens f\u00f6rslag till en ny l\u00e5ngtidsbudget kommer att presenteras tidigt i <span style=\"font-weight: normal !msorm;\">kvartal tre<\/span>. Brysselkontoret har h\u00f6rt spekulationer om lansering den 8 juli. EU-kommissionens f\u00f6rslag till ny l\u00e5ngtidsbudget kommer att bli EU-\u00e5rets stora h\u00e4ndelse, med l\u00e5ngtg\u00e5ende konsekvenser f\u00f6r inte minst de regionala utvecklingsmedlen <a href=\"https:\/\/ec.europa.eu\/info\/law\/better-regulation\/have-your-say_en\">\u00a0(L\u00e4nk till Have your say).<\/a><\/p>\n<p style=\"text-align: justify;\"><strong>Initiativ f\u00f6r att p\u00e5skynda minskandet av utsl\u00e4ppen av koldioxid inom industrin: <\/strong>EU kommer under den innevarande mandatperioden att forts\u00e4tta sitt arbetet med gr\u00f6n omst\u00e4llning, vars grundstomme formades genom EU:s Gr\u00f6na giv, och den efterf\u00f6ljande klimatlagen och paketet Fit for 55. Genom ett nytt initiativ vill EU-kommissionen hj\u00e4lpa till att snabba p\u00e5 omst\u00e4llningstakten. Detta initiativ som ben\u00e4mns som Industrial Decarbonisation Accelerator Act v\u00e4ntas presenteras i kvartal fyra. V\u00e4l v\u00e4rt att notera i sammanhanget, \u00e4r mots\u00e4ttningen mellan \u00e5 enda sidan regelf\u00f6renklingar och \u00e5 andra sidan nya krav p\u00e5 p\u00e5skyndat agerande.<\/p>\n<h3 style=\"text-align: justify;\"><strong>Gr\u00f6n och bl\u00e5 omst\u00e4llning<\/strong><\/h3>\n<p style=\"text-align: justify;\"><strong><img loading=\"lazy\" decoding=\"async\" class=\"size-medium wp-image-5669 alignleft\" src=\"https:\/\/www.sbhss.eu\/wp-content\/uploads\/2024\/02\/net-zero-300x202.jpg\" alt=\"\" width=\"300\" height=\"202\" \/>EU:s nya vision f\u00f6r livsmedel och jordbruk: <\/strong>Efter de senaste \u00e5rens lantbrukarprotester runt om i Europa till f\u00f6ljd av bland annat \u00f6kade h\u00e5llbarhetskrav, \u00e4r EU-kommissionen angel\u00e4gen om att reparera relationen mellan lantbrukare och staka ut en v\u00e4g fram\u00e5t. <span style=\"font-weight: normal !msorm;\">Visionen om livsmedel och jordbruk<\/span>, som kommer presenteras den 19 februari, v\u00e4ntas bland annat inneh\u00e5lla f\u00f6rslag kring ekologiskt jordbruk, livsmedelsf\u00f6rs\u00f6rjning i kris, samt rester av den proteinstrategi som var t\u00e4nkt att lanseras under 2023. N\u00e4tverket ERIAFF kommer att anordna ett informationstillf\u00e4lle om visionen den 20 februari. F\u00f6r mer information informationstillf\u00e4llet, kontakta EU-handl\u00e4ggare <a href=\"mailto:martin.broberg@sbhss.eu\">Martin Broberg<\/a>. EU-kommissionen kommer i <span style=\"font-weight: normal !msorm;\">kvartal tv\u00e5<\/span> ocks\u00e5 att lansera ett f\u00f6renklingspaket kring den <span style=\"font-weight: normal !msorm;\">gemensamma jordbrukspolitiken<\/span>.<\/p>\n<p style=\"text-align: justify;\"><strong>Energipaket: <\/strong>Under \u00e5ret kommer EU-kommissionen presentera flera f\u00f6rslag p\u00e5 energiomr\u00e5det. I svallv\u00e5gorna av den energikris som blossade upp i till f\u00f6ljd av kriget i Ukraina \u00e4r energipriserna fortfarande h\u00f6ga och volatila. EU-kommissionen kommer precis som i f\u00f6reg\u00e5ende mandatperiod att lansera f\u00f6rslag f\u00f6r att s\u00e4nka energipriser och stabilisera tillg\u00e5ngen till energi. Samtidigt beh\u00f6ver industrin st\u00e4lla om, minska sina utsl\u00e4pp och bli s\u00e5 fossilfri som m\u00f6jligt. \u00c4ven det \u00e4r ett arbete som kommissionen tar med sig fr\u00e5n f\u00f6reg\u00e5ende mandatperiod och som kommer f\u00e5 s\u00e4rskilt fokus under kommande \u00e5r. Redan den 26 februari kommer EU-kommissionen bland annat lansera en handlingsplan f\u00f6r betalbar energi och en ny giv f\u00f6r ren industri. Ut\u00f6ver detta kommer kommissionen i <span style=\"font-weight: normal !msorm;\">andra kvartalet<\/span> att presentera sitt f\u00f6rslag p\u00e5 utsl\u00e4ppsm\u00e5l 2040, det s\u00e5 kallade 2040-m\u00e5let, vilket inneb\u00e4r ett till\u00e4gg i EU:s klimatlag. Sedan tidigare har EU-kommissionen indikerat en vilja om att f\u00f6resl\u00e5 en reducering av utsl\u00e4ppen med 90 procent, j\u00e4mf\u00f6rt med 1990 \u00e5rs niv\u00e5er (Klimatlagen 2021 sl\u00e5r fast 55 procent till 2030).<\/p>\n<p style=\"text-align: justify;\"><strong>Vatten och hav:<\/strong> EU-kommissionen kommer under innevarande mandatperiod att fokusera stort p\u00e5 vattenrelaterade fr\u00e5gor. Bland annat kommer en <span style=\"font-weight: normal !msorm;\">ny strategi f\u00f6r vattenresiliens<\/span> i <span style=\"font-weight: normal !msorm;\">kvartal tv\u00e5<\/span> som v\u00e4ntas behandla anv\u00e4ndning och \u00e5terbruk av vattenresurser, och anta ett perspektiv som omfattar \u201d<span style=\"font-weight: normal !msorm;\">fr\u00e5n k\u00e4lla till hav<\/span>\u201d. En central del den kommande strategin kommer handla om att fr\u00e4mja motst\u00e5ndskraft mot naturkatastrofer som torka och \u00f6versv\u00e4mningar. I samband med FN:s havskonferens i juni kommer kommissionen ocks\u00e5 att lansera en s\u00e5 kallad \u201d<span style=\"font-weight: normal !msorm;\">Havspakt<\/span>\u201d. Se samr\u00e5d kring vatten, hav och fiske nedan I nyhetsbrevet. <a href=\"https:\/\/sdgs.un.org\/conferences\/ocean2025\">L\u00e4s mer om FN:s havskonferens h\u00e4r.<\/a><\/p>\n<p style=\"text-align: justify;\"><strong>H\u00e5llbart bostadsbyggande: <\/strong>Under kommande \u00e5r planerar EU-kommissionen att lansera flera initiativ kring h\u00e5llbart bostadsbyggande. Under det fj\u00e4rde kvartalet planeras lanseringen av ett initiativ om byggande av betalbara bost\u00e4der, vilket \u00e4r t\u00e4nkt att ge tekniskt st\u00f6d till st\u00e4der och medlemsstater med fokus p\u00e5 investeringar och f\u00e4rdigheter. Ut\u00f6ver detta planerar EU-kommissionen att p\u00e5 sikt lansera en <span style=\"font-weight: normal !msorm;\">europeisk strategi f\u00f6r <\/span>bostads<span style=\"font-weight: normal !msorm;\">byggande<\/span> samt flera investeringsinitiativ kring <span style=\"font-weight: normal !msorm;\">h\u00e5llbart och betalbara bost\u00e4der<\/span>. <a href=\"https:\/\/commission.europa.eu\/document\/download\/1c203799-0137-482e-bd18-4f6813535986_en?filename=Mission%20letter%20-%20JORGENSEN.pdf\">L\u00e4s mer h\u00e4r<\/a>.<\/p>\n<p style=\"text-align: justify;\"><strong>Kemikalief\u00f6rordningen:<\/strong> EU:s f\u00f6rordning om anv\u00e4ndningen av h\u00e4lsofarliga kemikalier kommer delvis att revideras. Bland annat kommer fr\u00e5gor kring PFAS, s\u00e5 kallade evighetskemikalier, att vara f\u00f6rem\u00e5l f\u00f6r kommissionens uppm\u00e4rksamhet. Initiativet lanseras i <span style=\"font-weight: normal !msorm;\">kvartal fyra<\/span>.<\/p>\n<p style=\"text-align: justify;\"><strong>Ny strategi om bioekonomi: <\/strong>Diskussionen om omst\u00e4llningen till en h\u00e5llbar bioekonomi \u00e4r inget nytt p\u00e5 europeisk niv\u00e5. EU har sedan tidigare en <span style=\"font-weight: normal !msorm;\">strategi f\u00f6r <\/span><span style=\"font-weight: normal !msorm;\">bioekonomi<\/span> som EU-kommissionen nu \u00e4mnar uppdatera. Samtidigt kommer Kommissionen att lansera ett lagstiftningsinitiativ kallat <span style=\"font-weight: normal !msorm;\">Bio-Tech-akten<\/span>, n\u00e5got som \u00e4ven kommer har betydelse p\u00e5 h\u00e4lsoomr\u00e5det. B\u00e5da tv\u00e5 v\u00e4ntas lanseras under det <span style=\"font-weight: normal !msorm;\">fj\u00e4rde kvartalet<\/span>.<\/p>\n<h3 style=\"text-align: justify;\"><strong>S\u00e4kerhet och beredskap<\/strong><\/h3>\n<p style=\"text-align: justify;\"><strong><img loading=\"lazy\" decoding=\"async\" class=\"size-medium wp-image-6391 alignleft\" src=\"https:\/\/www.sbhss.eu\/wp-content\/uploads\/2024\/05\/photo-1451187580459-43490279c0fa-1-300x200.avif\" alt=\"\" width=\"300\" height=\"200\" \/>Vitpapper om framtiden f\u00f6r europeiskt f\u00f6rsvar:<\/strong> Till f\u00f6ljd av s\u00e5 kommer EU-kommissionen den 19 mars att presentera ett <span style=\"font-weight: normal !msorm;\">vitpapper kring europeiskt f\u00f6rsvar<\/span>. EU har idag ett begr\u00e4nsat f\u00f6rsvarssamarbete, och fr\u00e5gor som v\u00e4ntas komma upp \u00e4r bland annat gemensamma uppk\u00f6p av milit\u00e4ra materiell och b\u00e4ttre samordning med NATO.<\/p>\n<p style=\"text-align: justify;\"><strong>Initiativ kring Beredskap:<\/strong> Beredskapsfr\u00e5gor har snabbt seglat upp som en viktig fr\u00e5ga f\u00f6r EU-kommissionen men \u00e4r ett omr\u00e5de som tidigare har drivits fram av behoven av ett gemensamt skogsbrandsf\u00f6rsvar med ink\u00f6p av flygplan och helikoptrar som kan hj\u00e4lpa till i sl\u00e4ckning av br\u00e4nder, samt gemensamma uppk\u00f6p av vaccin under covid. Fram\u00f6ver vill EU-kommissionen vidareutveckla diskussionen kring beredskapsfr\u00e5goroch ta in fler civilf\u00f6rsvarsaspekter. Under det f\u00f6rsta eller andra kvartalet kommer EU-kommissionen att presentera en <span style=\"font-weight: normal !msorm;\">strategi f\u00f6r en <\/span>europeisk <span style=\"font-weight: normal !msorm;\">beredskapsunion<\/span>, samt en <span style=\"font-weight: normal !msorm;\">strategi om <\/span><span style=\"font-weight: normal !msorm;\">beredskapsf\u00f6rr\u00e5d<\/span><span style=\"font-weight: normal !msorm;\"> av viktiga f\u00f6rn\u00f6denheter<\/span> i <span style=\"font-weight: normal !msorm;\">kvartal tv\u00e5<\/span>.<\/p>\n<h3 style=\"text-align: justify;\"><strong>Transport<\/strong><\/h3>\n<p style=\"text-align: justify;\"><strong><img loading=\"lazy\" decoding=\"async\" class=\"size-medium wp-image-7754 alignleft\" src=\"https:\/\/www.sbhss.eu\/wp-content\/uploads\/2025\/02\/photo-1520594923568-1b5d82587f86-300x200.jpg\" alt=\"\" width=\"300\" height=\"200\" \/>Initiativ kring h\u00e5llbart resande: <\/strong>I EU:s konkurrenskraftskompass beskrivs flera satsningar p\u00e5 transportomr\u00e5det, d\u00e4ribland en ny <span style=\"font-weight: normal !msorm;\">strategi f\u00f6r h\u00f6ghastighetst\u00e5g<\/span>. Just det initiativet finns inte med i \u00e5rets arbetsprogram, i st\u00e4llet kommer en <span style=\"font-weight: normal !msorm;\">handlingsplan <\/span>och<span style=\"font-weight: normal !msorm;\"> en dialog kring bilindustrins framtid<\/span> under v\u00e5ren. Handlingsplanen lanseras den <span style=\"font-weight: normal !msorm;\">5 mars<\/span>. D\u00e4rtill, kommer EU-kommissionen i <span style=\"font-weight: normal !msorm;\">kvartal tre<\/span> presentera en <span style=\"font-weight: normal !msorm;\">plan f\u00f6r h\u00e5llbara investeringar i transportsektorn<\/span> f\u00f6r att garantera elektrifieringen och omst\u00e4llningen av transportsektorn fr\u00e5n fossila br\u00e4nslen till fossilfria initiativ.<\/p>\n<p style=\"text-align: justify;\"><strong>H\u00e4lsa<\/strong><\/p>\n<p style=\"text-align: justify;\"><strong><img loading=\"lazy\" decoding=\"async\" class=\"size-medium wp-image-7756 alignleft\" src=\"https:\/\/www.sbhss.eu\/wp-content\/uploads\/2025\/02\/premiumphoto-1673953509975-576678fa6710-300x200.jpg\" alt=\"\" width=\"300\" height=\"200\" \/>Initiativ f\u00f6r skydd mot cyberattacker i sjukv\u00e5rden:<\/strong> I mitten av januari presenterade kommissionen en handlingsplan f\u00f6r att skydda h\u00e4lso- och sjukv\u00e5rden mot cyberattacker, vilket \u00e4r ett icke-lagstiftande initiativ. Samr\u00e5d f\u00f6rv\u00e4ntas att presenteras inom kort, d\u00e5 regioner och andra akt\u00f6rer har m\u00f6jlighet att komma med input.<\/p>\n<p style=\"text-align: justify;\"><strong>Initiativ kring l\u00e4kemedel: <\/strong>Arbetsprogrammet lyfter flera initiativ f\u00f6r att s\u00e4kerst\u00e4lla \u00e5tkomst till l\u00e4kemedel. Bland annat lyfts en ny r\u00e4ttsakt om kritiska l\u00e4kemedel som planeras lanseras den 11 mars. R\u00e4ttsakten syftar till att minska EU:s beroende av andra l\u00e4nder f\u00f6r kritiska l\u00e4kemedel och ingredienser, s\u00e4rskilt f\u00f6r produkter med ett begr\u00e4nsat antal tillverkare och leverant\u00f6rer. Ett annat f\u00f6rslag som kontoret vill lyfta fram \u00e4r strategin f\u00f6r medicinska \u00e5tg\u00e4rder mot folkh\u00e4lsohot, som kommer l\u00e4ggas fram under andra kvartalet 2025. F\u00f6rslaget kommer bland annat att hantera gemensam upphandling och lagerh\u00e5llning av mediciner.<\/p>\n<h3 style=\"text-align: justify;\"><strong>Digitalisering<\/strong><\/h3>\n<p style=\"text-align: justify;\"><strong><img loading=\"lazy\" decoding=\"async\" class=\"size-medium wp-image-6148 alignleft\" src=\"https:\/\/www.sbhss.eu\/wp-content\/uploads\/2024\/04\/artificial-intelligence-3382507640-300x200.jpg\" alt=\"\" width=\"300\" height=\"200\" \/>M\u00e5nga initiativ p\u00e5 AI-omr\u00e5det: <\/strong>I arbetsprogrammet l\u00e4ggs mycket fokus p\u00e5 initiativ kopplat till artificiell intelligens. Bland annat f\u00f6rv\u00e4ntas ett initiativ om s\u00e5 kallade AI fabriker lanseras under f\u00f6rsta kvartalet. Initiativet syftar till att s\u00e4kra tillg\u00e5ng till kraftfulla AI-datorer som kan nyttjas av b\u00e5de sm\u00e5 och stora f\u00f6retag som vill utveckla AI-teknik. Syftet med initiativet \u00e4r dels att minska beroendet av amerikansk datorkraft, dels kan det tolkas som ett s\u00e4tt f\u00f6r EU att fr\u00e4mja innovation p\u00e5 AI-omr\u00e5det ist\u00e4llet f\u00f6r det tidigare fokuset p\u00e5 reglering. Under AI-konferensen i Paris den 11 februari lanserade EU-kommissionen en ny investeringssatsning p\u00e5 AI-teknik. <a href=\"https:\/\/ec.europa.eu\/commission\/presscorner\/detail\/en\/ip_25_467\">L\u00e4s mer h\u00e4r<\/a>.<\/p>\n<p style=\"text-align: justify;\">Vidare presenteras tre ytterligare initiativ inom innovation. Under det andra kvartalet v\u00e4ntas en ny strategi f\u00f6r innovation inom kvant-teknik. D\u00e4rtill kommer kommissionen under kvartal fyra att presentera ett f\u00f6rslag om att revidera och f\u00f6renkla lagstiftningen om cyber-s\u00e4kerhet, samt ett initiativ till en ny lag om digitala n\u00e4tverk.<\/p>\n<h3 style=\"text-align: justify;\"><strong>Utbildning, kompetensf\u00f6rs\u00f6rjning och arbetsmarknad <\/strong><\/h3>\n<p style=\"text-align: justify;\"><img loading=\"lazy\" decoding=\"async\" class=\"size-medium wp-image-7783 alignleft\" src=\"https:\/\/www.sbhss.eu\/wp-content\/uploads\/2025\/02\/image-1-300x157.jpg\" alt=\"\" width=\"300\" height=\"157\" \/>EU har l\u00e4nge uppm\u00e4rksammat behovet av utbildning och kompetensf\u00f6rs\u00f6rjning. I arbetsprogrammet presenteras f\u00f6rslag p\u00e5 att uppr\u00e4tta en s\u00e5 kallad kompetensunion som \u00e4r t\u00e4nkt att fokusera p\u00e5 livsl\u00e5ngt l\u00e4rande, kompetensf\u00f6rs\u00f6rjning och erk\u00e4nnande av olika typer av utbildning f\u00f6r att f\u00f6renkla m\u00f6jligheten f\u00f6r m\u00e4nniskor att kunna arbeta i hela EU. Initiativet kommer att presenteras I kvartal tv\u00e5.<\/p>\n<p style=\"text-align: justify;\">P\u00e5 det sociala omr\u00e5det kommer kommissionen i kvartal fyra att presentera en ny handlingsplan f\u00f6r f\u00f6rverkligandet av den sociala pelaren f\u00f6r sociala r\u00e4ttigheter. Initiativet kommer bland annat behandla digitaliseringen och AI:s effekt p\u00e5 arbetslivet och psykisk h\u00e4lsa. Vill du veta mer kontakta EU-handl\u00e4ggare <a href=\"mailto:sandra.jansson@sbhss.eu\">Sandra Jansson<\/a>.<\/p>\n<p style=\"text-align: justify;\">Arbetsprogrammet inneh\u00e5ller totalt:<\/p>\n<ul style=\"text-align: justify;\">\n<li>51 Politiska initiativ<\/li>\n<li>11 initiativ f\u00f6r att rationalisera rapporteringskraven som antagits av kommissionen med arbetsprogrammet och d\u00e4refter<\/li>\n<li>123 P\u00e5g\u00e5ende f\u00f6rslag<\/li>\n<li>37 F\u00f6rslag om tillbakadragande<\/li>\n<li>37 Utv\u00e4rderingar och l\u00e4mplighetskontroller<\/li>\n<li>4 F\u00f6rslag om upph\u00e4vande<\/li>\n<\/ul>\n<p style=\"text-align: justify;\">Brysselkontoret f\u00f6ljer f\u00f6rslagen l\u00f6pande och \u00e5terkommer inf\u00f6r samr\u00e5d och \u00f6vriga m\u00f6jligheter till dialog med parter involverade i f\u00f6rhandlingarna av f\u00f6rslagen. Kontoret kommer d\u00e4rtill att \u00e5terkomma senare under v\u00e5ren och h\u00f6sten kring specifika f\u00f6rslag listade ovan.<\/p>\n<p style=\"text-align: justify;\">Vill ni ha mer information om EU-kommissionens arbetsprogram f\u00f6r 2025 eller l\u00e4sa programmet i sin helhet? F\u00f6lj d\u00e5 l\u00e4nken nedan eller ta kontakt med\u00a0<a href=\"mailto:martin.borberg@sbhss.eu\">Martin Broberg<\/a>\u00a0eller\u00a0<a href=\"mailto:sandra.jansson@sbhss.eu\">Sandra Jansson<\/a> p\u00e5 SBHSS Brysselkontor.<\/p>\n<p style=\"text-align: justify;\"><a href=\"https:\/\/commission.europa.eu\/strategy-and-policy\/strategy-documents\/commission-work-programme\/commission-work-programme-2025_en#:~:text=The%202025%20Work%20Programme%20sets%20out%20the%20key,to%20build%20a%20strong%2C%20secure%20and%20prosperous%20Europe.\">L\u00e4s hela EU-kommissionens arbetsprogram f\u00f6r 2025 h\u00e4r<\/a>.<\/p>\n<p>&nbsp;<\/p>\n<p>&nbsp;<\/p>\n<p>&nbsp;<\/p>\n<p>&nbsp;<\/p>\n<p>&nbsp;<\/p>\n<p>&nbsp;<\/p>\n<p>&nbsp;<\/p>\n<p>&nbsp;<\/p>\n<p>&nbsp;<\/p>\n<p>&nbsp;<\/p>\n<p>&nbsp;<\/p>\n<p>&nbsp;<\/p>\n<p>&nbsp;<\/p>\n","protected":false},"excerpt":{"rendered":"<p>P\u00e5 samma s\u00e4tt som det svenska politiska \u00e5ret drar i g\u00e5ng med riksdagens h\u00f6gtidliga \u00f6ppnande och budgetvandringen \u00f6ver Riksbron, har EU-maskineriet sina egna \u00e5rliga h\u00f6jdpunkter. Ett vanligt arbets\u00e5r i EU inleds med EU-kommissionens ordf\u00f6randes linjetal om tillst\u00e5ndet i den Europeiska unionen och d\u00e4refter presenterar kommissionen sitt arbetsprogram i oktober. Under ett EU-val\u00e5r ser det lite [&hellip;]<\/p>\n","protected":false},"author":22,"featured_media":7770,"comment_status":"closed","ping_status":"closed","sticky":false,"template":"","format":"standard","meta":{"_acf_changed":false,"footnotes":""},"categories":[3],"tags":[218,30,42,46,217,221,220,219],"class_list":["post-7748","post","type-post","status-publish","format-standard","has-post-thumbnail","hentry","category-okategoriserad","tag-arbetsprogram","tag-eu","tag-eu-kommissionen","tag-kommissionen","tag-kommissionens-arbetsprogram","tag-kompass","tag-konkurrens","tag-konkurrenskraftskompassen"],"acf":[],"yoast_head":"<!-- This site is optimized with the Yoast SEO plugin v27.5 - https:\/\/yoast.com\/product\/yoast-seo-wordpress\/ -->\n<title>EU-kommissionens arbetsprogram 2025 - SBHSS<\/title>\n<meta name=\"robots\" content=\"index, follow, max-snippet:-1, max-image-preview:large, max-video-preview:-1\" \/>\n<link rel=\"canonical\" href=\"https:\/\/www.sbhss.eu\/sv\/eu-kommissionens-arbetsprogram-2025\/\" \/>\n<meta property=\"og:locale\" content=\"sv_SE\" \/>\n<meta property=\"og:type\" content=\"article\" \/>\n<meta property=\"og:title\" content=\"EU-kommissionens arbetsprogram 2025 - SBHSS\" \/>\n<meta property=\"og:description\" content=\"P\u00e5 samma s\u00e4tt som det svenska politiska \u00e5ret drar i g\u00e5ng med riksdagens h\u00f6gtidliga \u00f6ppnande och budgetvandringen \u00f6ver Riksbron, har EU-maskineriet sina egna \u00e5rliga h\u00f6jdpunkter. Ett vanligt arbets\u00e5r i EU inleds med EU-kommissionens ordf\u00f6randes linjetal om tillst\u00e5ndet i den Europeiska unionen och d\u00e4refter presenterar kommissionen sitt arbetsprogram i oktober. Under ett EU-val\u00e5r ser det lite [&hellip;]\" \/>\n<meta property=\"og:url\" content=\"https:\/\/www.sbhss.eu\/sv\/eu-kommissionens-arbetsprogram-2025\/\" \/>\n<meta property=\"og:site_name\" content=\"SBHSS\" \/>\n<meta property=\"article:published_time\" content=\"2025-02-14T10:51:25+00:00\" \/>\n<meta property=\"article:modified_time\" content=\"2025-03-12T09:18:17+00:00\" \/>\n<meta property=\"og:image\" content=\"https:\/\/www.sbhss.eu\/wp-content\/uploads\/2025\/02\/card3x2.jpg\" \/>\n\t<meta property=\"og:image:width\" content=\"600\" \/>\n\t<meta property=\"og:image:height\" content=\"400\" \/>\n\t<meta property=\"og:image:type\" content=\"image\/jpeg\" \/>\n<meta name=\"author\" content=\"Josefine L\u00f6\u00f6f\" \/>\n<meta name=\"twitter:card\" content=\"summary_large_image\" \/>\n<meta name=\"twitter:label1\" content=\"Skriven av\" \/>\n\t<meta name=\"twitter:data1\" content=\"Josefine L\u00f6\u00f6f\" \/>\n\t<meta name=\"twitter:label2\" content=\"Ber\u00e4knad l\u00e4stid\" \/>\n\t<meta name=\"twitter:data2\" content=\"10 minuter\" \/>\n<script type=\"application\/ld+json\" class=\"yoast-schema-graph\">{\"@context\":\"https:\\\/\\\/schema.org\",\"@graph\":[{\"@type\":\"Article\",\"@id\":\"https:\\\/\\\/www.sbhss.eu\\\/sv\\\/eu-kommissionens-arbetsprogram-2025\\\/#article\",\"isPartOf\":{\"@id\":\"https:\\\/\\\/www.sbhss.eu\\\/sv\\\/eu-kommissionens-arbetsprogram-2025\\\/\"},\"author\":{\"name\":\"Josefine L\u00f6\u00f6f\",\"@id\":\"https:\\\/\\\/www.sbhss.eu\\\/#\\\/schema\\\/person\\\/c9b7dd49a03566729aa503acce9ee8a6\"},\"headline\":\"EU-kommissionens arbetsprogram 2025\",\"datePublished\":\"2025-02-14T10:51:25+00:00\",\"dateModified\":\"2025-03-12T09:18:17+00:00\",\"mainEntityOfPage\":{\"@id\":\"https:\\\/\\\/www.sbhss.eu\\\/sv\\\/eu-kommissionens-arbetsprogram-2025\\\/\"},\"wordCount\":2221,\"image\":{\"@id\":\"https:\\\/\\\/www.sbhss.eu\\\/sv\\\/eu-kommissionens-arbetsprogram-2025\\\/#primaryimage\"},\"thumbnailUrl\":\"https:\\\/\\\/www.sbhss.eu\\\/wp-content\\\/uploads\\\/2025\\\/02\\\/card3x2.jpg\",\"keywords\":[\"arbetsprogram\",\"EU\",\"EU-kommissionen\",\"kommissionen\",\"Kommissionens arbetsprogram\",\"kompass\",\"konkurrens\",\"Konkurrenskraftskompassen\"],\"articleSection\":[\"Okategoriserad\"],\"inLanguage\":\"sv-SE\"},{\"@type\":\"WebPage\",\"@id\":\"https:\\\/\\\/www.sbhss.eu\\\/sv\\\/eu-kommissionens-arbetsprogram-2025\\\/\",\"url\":\"https:\\\/\\\/www.sbhss.eu\\\/sv\\\/eu-kommissionens-arbetsprogram-2025\\\/\",\"name\":\"EU-kommissionens arbetsprogram 2025 - SBHSS\",\"isPartOf\":{\"@id\":\"https:\\\/\\\/www.sbhss.eu\\\/#website\"},\"primaryImageOfPage\":{\"@id\":\"https:\\\/\\\/www.sbhss.eu\\\/sv\\\/eu-kommissionens-arbetsprogram-2025\\\/#primaryimage\"},\"image\":{\"@id\":\"https:\\\/\\\/www.sbhss.eu\\\/sv\\\/eu-kommissionens-arbetsprogram-2025\\\/#primaryimage\"},\"thumbnailUrl\":\"https:\\\/\\\/www.sbhss.eu\\\/wp-content\\\/uploads\\\/2025\\\/02\\\/card3x2.jpg\",\"datePublished\":\"2025-02-14T10:51:25+00:00\",\"dateModified\":\"2025-03-12T09:18:17+00:00\",\"author\":{\"@id\":\"https:\\\/\\\/www.sbhss.eu\\\/#\\\/schema\\\/person\\\/c9b7dd49a03566729aa503acce9ee8a6\"},\"breadcrumb\":{\"@id\":\"https:\\\/\\\/www.sbhss.eu\\\/sv\\\/eu-kommissionens-arbetsprogram-2025\\\/#breadcrumb\"},\"inLanguage\":\"sv-SE\",\"potentialAction\":[{\"@type\":\"ReadAction\",\"target\":[\"https:\\\/\\\/www.sbhss.eu\\\/sv\\\/eu-kommissionens-arbetsprogram-2025\\\/\"]}]},{\"@type\":\"ImageObject\",\"inLanguage\":\"sv-SE\",\"@id\":\"https:\\\/\\\/www.sbhss.eu\\\/sv\\\/eu-kommissionens-arbetsprogram-2025\\\/#primaryimage\",\"url\":\"https:\\\/\\\/www.sbhss.eu\\\/wp-content\\\/uploads\\\/2025\\\/02\\\/card3x2.jpg\",\"contentUrl\":\"https:\\\/\\\/www.sbhss.eu\\\/wp-content\\\/uploads\\\/2025\\\/02\\\/card3x2.jpg\",\"width\":600,\"height\":400},{\"@type\":\"BreadcrumbList\",\"@id\":\"https:\\\/\\\/www.sbhss.eu\\\/sv\\\/eu-kommissionens-arbetsprogram-2025\\\/#breadcrumb\",\"itemListElement\":[{\"@type\":\"ListItem\",\"position\":1,\"name\":\"Hem\",\"item\":\"https:\\\/\\\/www.sbhss.eu\\\/sv\\\/\"},{\"@type\":\"ListItem\",\"position\":2,\"name\":\"EU-kommissionens arbetsprogram 2025\"}]},{\"@type\":\"WebSite\",\"@id\":\"https:\\\/\\\/www.sbhss.eu\\\/#website\",\"url\":\"https:\\\/\\\/www.sbhss.eu\\\/\",\"name\":\"SBHSS\",\"description\":\"\",\"potentialAction\":[{\"@type\":\"SearchAction\",\"target\":{\"@type\":\"EntryPoint\",\"urlTemplate\":\"https:\\\/\\\/www.sbhss.eu\\\/?s={search_term_string}\"},\"query-input\":{\"@type\":\"PropertyValueSpecification\",\"valueRequired\":true,\"valueName\":\"search_term_string\"}}],\"inLanguage\":\"sv-SE\"},{\"@type\":\"Person\",\"@id\":\"https:\\\/\\\/www.sbhss.eu\\\/#\\\/schema\\\/person\\\/c9b7dd49a03566729aa503acce9ee8a6\",\"name\":\"Josefine L\u00f6\u00f6f\",\"image\":{\"@type\":\"ImageObject\",\"inLanguage\":\"sv-SE\",\"@id\":\"https:\\\/\\\/secure.gravatar.com\\\/avatar\\\/cb89cba22bfbe3ad6a8a6fbca03b64d6ae0e3b8c4e0b8a4c67220f0c0da34db3?s=96&d=mm&r=g\",\"url\":\"https:\\\/\\\/secure.gravatar.com\\\/avatar\\\/cb89cba22bfbe3ad6a8a6fbca03b64d6ae0e3b8c4e0b8a4c67220f0c0da34db3?s=96&d=mm&r=g\",\"contentUrl\":\"https:\\\/\\\/secure.gravatar.com\\\/avatar\\\/cb89cba22bfbe3ad6a8a6fbca03b64d6ae0e3b8c4e0b8a4c67220f0c0da34db3?s=96&d=mm&r=g\",\"caption\":\"Josefine L\u00f6\u00f6f\"},\"url\":\"https:\\\/\\\/www.sbhss.eu\\\/sv\\\/author\\\/josefine-l\\\/\"}]}<\/script>\n<!-- \/ Yoast SEO plugin. -->","yoast_head_json":{"title":"EU-kommissionens arbetsprogram 2025 - SBHSS","robots":{"index":"index","follow":"follow","max-snippet":"max-snippet:-1","max-image-preview":"max-image-preview:large","max-video-preview":"max-video-preview:-1"},"canonical":"https:\/\/www.sbhss.eu\/sv\/eu-kommissionens-arbetsprogram-2025\/","og_locale":"sv_SE","og_type":"article","og_title":"EU-kommissionens arbetsprogram 2025 - SBHSS","og_description":"P\u00e5 samma s\u00e4tt som det svenska politiska \u00e5ret drar i g\u00e5ng med riksdagens h\u00f6gtidliga \u00f6ppnande och budgetvandringen \u00f6ver Riksbron, har EU-maskineriet sina egna \u00e5rliga h\u00f6jdpunkter. Ett vanligt arbets\u00e5r i EU inleds med EU-kommissionens ordf\u00f6randes linjetal om tillst\u00e5ndet i den Europeiska unionen och d\u00e4refter presenterar kommissionen sitt arbetsprogram i oktober. Under ett EU-val\u00e5r ser det lite [&hellip;]","og_url":"https:\/\/www.sbhss.eu\/sv\/eu-kommissionens-arbetsprogram-2025\/","og_site_name":"SBHSS","article_published_time":"2025-02-14T10:51:25+00:00","article_modified_time":"2025-03-12T09:18:17+00:00","og_image":[{"width":600,"height":400,"url":"https:\/\/www.sbhss.eu\/wp-content\/uploads\/2025\/02\/card3x2.jpg","type":"image\/jpeg"}],"author":"Josefine L\u00f6\u00f6f","twitter_card":"summary_large_image","twitter_misc":{"Skriven av":"Josefine L\u00f6\u00f6f","Ber\u00e4knad l\u00e4stid":"10 minuter"},"schema":{"@context":"https:\/\/schema.org","@graph":[{"@type":"Article","@id":"https:\/\/www.sbhss.eu\/sv\/eu-kommissionens-arbetsprogram-2025\/#article","isPartOf":{"@id":"https:\/\/www.sbhss.eu\/sv\/eu-kommissionens-arbetsprogram-2025\/"},"author":{"name":"Josefine L\u00f6\u00f6f","@id":"https:\/\/www.sbhss.eu\/#\/schema\/person\/c9b7dd49a03566729aa503acce9ee8a6"},"headline":"EU-kommissionens arbetsprogram 2025","datePublished":"2025-02-14T10:51:25+00:00","dateModified":"2025-03-12T09:18:17+00:00","mainEntityOfPage":{"@id":"https:\/\/www.sbhss.eu\/sv\/eu-kommissionens-arbetsprogram-2025\/"},"wordCount":2221,"image":{"@id":"https:\/\/www.sbhss.eu\/sv\/eu-kommissionens-arbetsprogram-2025\/#primaryimage"},"thumbnailUrl":"https:\/\/www.sbhss.eu\/wp-content\/uploads\/2025\/02\/card3x2.jpg","keywords":["arbetsprogram","EU","EU-kommissionen","kommissionen","Kommissionens arbetsprogram","kompass","konkurrens","Konkurrenskraftskompassen"],"articleSection":["Okategoriserad"],"inLanguage":"sv-SE"},{"@type":"WebPage","@id":"https:\/\/www.sbhss.eu\/sv\/eu-kommissionens-arbetsprogram-2025\/","url":"https:\/\/www.sbhss.eu\/sv\/eu-kommissionens-arbetsprogram-2025\/","name":"EU-kommissionens arbetsprogram 2025 - SBHSS","isPartOf":{"@id":"https:\/\/www.sbhss.eu\/#website"},"primaryImageOfPage":{"@id":"https:\/\/www.sbhss.eu\/sv\/eu-kommissionens-arbetsprogram-2025\/#primaryimage"},"image":{"@id":"https:\/\/www.sbhss.eu\/sv\/eu-kommissionens-arbetsprogram-2025\/#primaryimage"},"thumbnailUrl":"https:\/\/www.sbhss.eu\/wp-content\/uploads\/2025\/02\/card3x2.jpg","datePublished":"2025-02-14T10:51:25+00:00","dateModified":"2025-03-12T09:18:17+00:00","author":{"@id":"https:\/\/www.sbhss.eu\/#\/schema\/person\/c9b7dd49a03566729aa503acce9ee8a6"},"breadcrumb":{"@id":"https:\/\/www.sbhss.eu\/sv\/eu-kommissionens-arbetsprogram-2025\/#breadcrumb"},"inLanguage":"sv-SE","potentialAction":[{"@type":"ReadAction","target":["https:\/\/www.sbhss.eu\/sv\/eu-kommissionens-arbetsprogram-2025\/"]}]},{"@type":"ImageObject","inLanguage":"sv-SE","@id":"https:\/\/www.sbhss.eu\/sv\/eu-kommissionens-arbetsprogram-2025\/#primaryimage","url":"https:\/\/www.sbhss.eu\/wp-content\/uploads\/2025\/02\/card3x2.jpg","contentUrl":"https:\/\/www.sbhss.eu\/wp-content\/uploads\/2025\/02\/card3x2.jpg","width":600,"height":400},{"@type":"BreadcrumbList","@id":"https:\/\/www.sbhss.eu\/sv\/eu-kommissionens-arbetsprogram-2025\/#breadcrumb","itemListElement":[{"@type":"ListItem","position":1,"name":"Hem","item":"https:\/\/www.sbhss.eu\/sv\/"},{"@type":"ListItem","position":2,"name":"EU-kommissionens arbetsprogram 2025"}]},{"@type":"WebSite","@id":"https:\/\/www.sbhss.eu\/#website","url":"https:\/\/www.sbhss.eu\/","name":"SBHSS","description":"","potentialAction":[{"@type":"SearchAction","target":{"@type":"EntryPoint","urlTemplate":"https:\/\/www.sbhss.eu\/?s={search_term_string}"},"query-input":{"@type":"PropertyValueSpecification","valueRequired":true,"valueName":"search_term_string"}}],"inLanguage":"sv-SE"},{"@type":"Person","@id":"https:\/\/www.sbhss.eu\/#\/schema\/person\/c9b7dd49a03566729aa503acce9ee8a6","name":"Josefine L\u00f6\u00f6f","image":{"@type":"ImageObject","inLanguage":"sv-SE","@id":"https:\/\/secure.gravatar.com\/avatar\/cb89cba22bfbe3ad6a8a6fbca03b64d6ae0e3b8c4e0b8a4c67220f0c0da34db3?s=96&d=mm&r=g","url":"https:\/\/secure.gravatar.com\/avatar\/cb89cba22bfbe3ad6a8a6fbca03b64d6ae0e3b8c4e0b8a4c67220f0c0da34db3?s=96&d=mm&r=g","contentUrl":"https:\/\/secure.gravatar.com\/avatar\/cb89cba22bfbe3ad6a8a6fbca03b64d6ae0e3b8c4e0b8a4c67220f0c0da34db3?s=96&d=mm&r=g","caption":"Josefine L\u00f6\u00f6f"},"url":"https:\/\/www.sbhss.eu\/sv\/author\/josefine-l\/"}]}},"_links":{"self":[{"href":"https:\/\/www.sbhss.eu\/sv\/wp-json\/wp\/v2\/posts\/7748","targetHints":{"allow":["GET"]}}],"collection":[{"href":"https:\/\/www.sbhss.eu\/sv\/wp-json\/wp\/v2\/posts"}],"about":[{"href":"https:\/\/www.sbhss.eu\/sv\/wp-json\/wp\/v2\/types\/post"}],"author":[{"embeddable":true,"href":"https:\/\/www.sbhss.eu\/sv\/wp-json\/wp\/v2\/users\/22"}],"replies":[{"embeddable":true,"href":"https:\/\/www.sbhss.eu\/sv\/wp-json\/wp\/v2\/comments?post=7748"}],"version-history":[{"count":10,"href":"https:\/\/www.sbhss.eu\/sv\/wp-json\/wp\/v2\/posts\/7748\/revisions"}],"predecessor-version":[{"id":7886,"href":"https:\/\/www.sbhss.eu\/sv\/wp-json\/wp\/v2\/posts\/7748\/revisions\/7886"}],"wp:featuredmedia":[{"embeddable":true,"href":"https:\/\/www.sbhss.eu\/sv\/wp-json\/wp\/v2\/media\/7770"}],"wp:attachment":[{"href":"https:\/\/www.sbhss.eu\/sv\/wp-json\/wp\/v2\/media?parent=7748"}],"wp:term":[{"taxonomy":"category","embeddable":true,"href":"https:\/\/www.sbhss.eu\/sv\/wp-json\/wp\/v2\/categories?post=7748"},{"taxonomy":"post_tag","embeddable":true,"href":"https:\/\/www.sbhss.eu\/sv\/wp-json\/wp\/v2\/tags?post=7748"}],"curies":[{"name":"wp","href":"https:\/\/api.w.org\/{rel}","templated":true}]}}