{"id":7932,"date":"2025-03-21T10:53:42","date_gmt":"2025-03-21T10:53:42","guid":{"rendered":"https:\/\/www.sbhss.eu\/?p=7932"},"modified":"2025-03-21T13:04:20","modified_gmt":"2025-03-21T13:04:20","slug":"kommissionens-forsta-100-dagar-lagger-grunden-for-forandringar","status":"publish","type":"post","link":"https:\/\/www.sbhss.eu\/sv\/kommissionens-forsta-100-dagar-lagger-grunden-for-forandringar\/","title":{"rendered":"Kommissionens f\u00f6rsta 100 dagar l\u00e4gger grunden f\u00f6r f\u00f6r\u00e4ndringar"},"content":{"rendered":"<p style=\"text-align: justify;\"><em>Med lanseringen av tre st\u00f6rre initiativ kring st\u00e5l, f\u00f6rsvar och industriella investeringar g\u00e5r den nya EU-kommissionen i m\u00e5l med sitt program f\u00f6r sina 100 f\u00f6rsta dagar. Tre m\u00e5nader in i den andra von der Leyen-kommissionen \u00e4r dess inriktning tydlig. Konkurrenskraft och europeisk s\u00e4kerhet kommer dominera den europeiska dagordningen under kommande \u00e5r. \u00c4ven om m\u00e5nga nya initiativ kan anses vara positiva f\u00f6r Sm\u00e5land-Blekinge-Hallands regioner, finns vissa orostecken som kan vara v\u00e4rda att k\u00e4nna till. L\u00e4s vidare f\u00f6r att ta del av detta.<\/em><\/p>\n<p style=\"text-align: justify;\"><!--more--><\/p>\n<p style=\"text-align: justify;\"><img loading=\"lazy\" decoding=\"async\" class=\"aligncenter wp-image-7933 \" src=\"https:\/\/www.sbhss.eu\/wp-content\/uploads\/2025\/03\/00-06.jpg\" alt=\"\" width=\"678\" height=\"452\" \/><\/p>\n<p style=\"text-align: justify;\">I mitten av mars har det g\u00e5tt 100 dagar sedan den nya EU-kommissionen installerades (1 december 2024). Ursula von der Leyen ville g\u00f6ra en rivstart p\u00e5 sin andra mandatperiod och presenterade d\u00e4rf\u00f6r i december en gedigen lista med \u00e5tg\u00e4rder och initiativ som skulle lanseras under de 100 f\u00f6rsta dagarna efter kommissionens tilltr\u00e4dande. Nu n\u00e4r de f\u00f6rsta hundra dagarna g\u00e5tt har kommissionen hunnit lansera det mesta av det som var planerat. Som Brysselkontoret rapporterat om under vintern har bland annat det nya \u00f6vergripande styrdokumentet f\u00f6r den nya mandatperioden presenterats, den s\u00e5 kallade K<em>onkurrenskraftskompassen<\/em>, vilken bed\u00f6ms kommer att pr\u00e4gla den innevarande mandatperioden minst lika mycket som den Gr\u00f6na given v\u00e4gledde den f\u00f6rra. Ut\u00f6ver konkurrenskraftskompassen, har en ny <em>giv om ren industri<\/em> presenterats, en <em>handlingsplan f\u00f6r betalbar energi<\/em>, ett <em>regelf\u00f6renklingspaket<\/em>, en ny <em>handlingsplan f\u00f6r fordonsindustrin<\/em>, en <em>vision om framtiden f\u00f6r jordbruk och livsmedel<\/em>, och mycket mer.<\/p>\n<p style=\"text-align: justify;\">I veckan presenterades de sista komponenterna i EU-kommissionens <em>100dagarsprogram<\/em>, med en ny <em>handlingsplan f\u00f6r st\u00e5l och metallindustrin<\/em>, en <em>vitbok om det europeiska f\u00f6rsvarets framtid<\/em>, samt ett <em>initiativ om att besparings och investeringsinsatser f\u00f6r en h\u00e5llbar och konkurrenskraftigt n\u00e4ringsliv<\/em>. Med det har EU-kommissionen levererat p\u00e5 flera viktiga l\u00f6ften som framf\u00f6rts i och med de diskussioner om framtiden f\u00f6r EU:s konkurrenskraft och s\u00e4kerhet som f\u00f6rts sedan Europaparlamentsvalet i juni f\u00f6rra \u00e5ret. I och med de initiativ som presenterats framg\u00e5r nu en tydligare bild av de \u00e5tg\u00e4rder som EU-kommissionen kommer presentera under kommande m\u00e5nader och \u00e5r.<\/p>\n<p style=\"text-align: justify;\">Mycket sker just nu i v\u00e5r omv\u00e4rld och det \u00e4r l\u00e4tt att missa sm\u00e5 men betydelsefulla detaljer i EU-kommissionens arbete med att styra EU genom en turbulent tid. F\u00f6rsvar, st\u00e5lindustri och investeringsinitiativ \u00e4r inte vanligtvis f\u00f6rem\u00e5l f\u00f6r Sm\u00e5land-Blekinge-Hallands Brysselkontors bevakning, men i och med sommarens lansering av EU-kommissionens f\u00f6rslag till ny l\u00e5ngtidsbudget, finns det anledning observera hur den nya EU-kommissionen vill anv\u00e4nda existerande finansieringsm\u00f6jligheter f\u00f6r att st\u00f6dja nya m\u00e5l. N\u00e5got som p\u00e5 sikt kan f\u00e5 reella konsekvenser f\u00f6r det regionala utvecklingskapitalet.<\/p>\n<p style=\"text-align: justify;\">Nedan har Brysselkontoret lyft ut n\u00e5gra centrala punkter i de tre initiativen som presenterades den 19 mars och som Brysselkontoret bed\u00f6mer kan vara av betydelse f\u00f6r Sm\u00e5land-Blekinge-Hallands regioner.<\/p>\n<p style=\"text-align: justify;\"><strong>En vitbok om det europeiska f\u00f6rsvarets framtid: <\/strong><\/p>\n<p style=\"text-align: justify;\">I ljuset av det geopolitiska l\u00e4get har en efterfr\u00e5gan efter upprustning inom EU vuxit fram. I den nya vitboken om det europeiska f\u00f6rsvarets framtid beskriver EU-kommissionen ett antal \u00e5tg\u00e4rder f\u00f6r att st\u00e4rka f\u00f6rsvarsindustrin genom att l\u00f6sa diverse tillkortakommanden och s\u00e4kerst\u00e4lla l\u00e5ngsiktig beredskap. Den inneh\u00e5ller ocks\u00e5 f\u00f6rslag p\u00e5 hur medlemsstaterna kan g\u00f6ra stora investeringar i f\u00f6rsvaret, k\u00f6pa n\u00f6dv\u00e4ndig utrustning och st\u00f6dja f\u00f6rsvarsindustrins tillv\u00e4xt \u00f6ver tid.<\/p>\n<p style=\"text-align: justify;\">En nyckelkomponent i vitboken \u00e4r den nya finansieringsplanen, <em>REARM Europe<\/em>. Planen utg\u00f6rs av fem pelare som ska v\u00e4gleda finansieringen av EU:s upprustning: Ett nytt finansieringsinstrument f\u00f6r l\u00e5n, l\u00e4ttade krav f\u00f6r investeringar, uppmuntra f\u00f6rsvarsrelaterade investeringar via EU-budgeten, investeringar av europeiska investeringsbanken och mobilisering av privat kapital.<\/p>\n<p style=\"text-align: justify;\">EU-kommissionen vill bland annat underl\u00e4tta f\u00f6r medlemsl\u00e4nderna att ta l\u00e5n f\u00f6r f\u00f6rsvarsutgifter genom att skapa ett nytt finansieringsinstrument p\u00e5 150 miljarder euro med EU:s budget som s\u00e4kerhet. Ett annat f\u00f6rslag som lyfts i vitpappret, \u00e4r att till\u00e5ta anv\u00e4ndning av medel fr\u00e5n den europeiska regionala utvecklingsfonden (ERUF) till f\u00f6rsvarsinvesteringar. Eftersom ERUF-medlen utg\u00f6r en betydande del av det regionala utvecklingskapitalet i svenska regioner m\u00e5ste vi beakta en utveckling d\u00e4r de regionala utvecklingsbehoven beh\u00f6ver konkurrera med upprustningsbehov. Det aktuella f\u00f6rslaget inneb\u00e4r inte per automatik att Sverige skulle sk\u00e4ra i de regionala ERUF-anslagen, men utvecklingen b\u00f6r h\u00e5llas under uppsikt.<\/p>\n<p style=\"text-align: justify;\">EU-kommissionen vill d\u00e4rtill l\u00e4tta p\u00e5 kraven f\u00f6r offentliga investeringar i f\u00f6rsvar genom att g\u00f6ra det m\u00f6jligt f\u00f6r medlemsl\u00e4nder att tempor\u00e4rt kunna kringg\u00e5 EU:s regler om medlemsl\u00e4nders finanspolitik och \u00f6ka sin statsskuld \u00f6ver den till\u00e5tna niv\u00e5n. F\u00f6r att medlemsl\u00e4nder ska kunna ta upp st\u00f6rre l\u00e5n f\u00f6r upprustning f\u00f6resl\u00e5r kommissionen en undantagsklausul vid kriser. Brysselkontoret noterar att EU i och med dessa f\u00f6rslag har steg ifr\u00e5n den h\u00e5rda budgetdisciplin som f\u00f6rordades under f\u00f6reg\u00e5ende \u00e5rtiondes allvarliga valutakris.<\/p>\n<p style=\"text-align: justify;\"><strong>En handlingsplan f\u00f6r st\u00e5l och metallindustrin:<\/strong><\/p>\n<p style=\"text-align: justify;\">Genom en handlingsplan f\u00f6r st\u00e5l och metallindustrin vill EU-kommissionen hj\u00e4lpa industrin att \u00f6ka sin konkurrenskraft globalt och samtidigt st\u00f6dja dem i deras gr\u00f6na omst\u00e4llning. Handlingsplanen bygger vidare p\u00e5 EU-kommissionens giv f\u00f6r en ren industri som <a href=\"https:\/\/www.sbhss.eu\/sv\/konkurrenskraftig-industri-betalbar-energi-och-regelforenklingar\/\">Brysselkontoret rapporterade om i februari<\/a>, och inneh\u00e5ller flera konkreta \u00e5tg\u00e4rder f\u00f6r att g\u00f6ra klimatomst\u00e4llningen till en drivkraft f\u00f6r tillv\u00e4xt och att s\u00e4kerst\u00e4lla s\u00e5 att europeiska f\u00f6retag inom sektorn blir konkurrenskraftiga. Kommissionen lyfter ocks\u00e5 fram handlingsplanen som central f\u00f6r att kunna genomf\u00f6ra \u00e5tg\u00e4rderna i REARM Europe.<\/p>\n<p style=\"text-align: justify;\">Handlingsplanen inneh\u00e5ller bland annat f\u00f6rslag p\u00e5 \u00e5tg\u00e4rder som syftar till att s\u00e4kra tillg\u00e5ngen till ren och prisv\u00e4rd energi och att minska utsl\u00e4pp av koldioxid. D\u00e4rut\u00f6ver lyfts \u00e4ven f\u00f6rslag f\u00f6r att \u00f6ka \u00e5tervinningen inom st\u00e5l och metallindustrin och att ge st\u00f6d till kompetensutveckling f\u00f6r arbetare.<\/p>\n<p style=\"text-align: justify;\"><strong>En union f\u00f6r sparande och investeringar:<\/strong><\/p>\n<p style=\"text-align: justify;\">Unionen f\u00f6r sparande och investeringar (SIU) syftar till att g\u00f6ra det enklare och mer l\u00f6nsamt f\u00f6r m\u00e4nniskor att spara och investera pengar inom EU. Idag ligger mycket pengar stilla p\u00e5 bankkonton med l\u00e5g r\u00e4nta. EU-kommissionen vill f\u00f6rs\u00f6ka mobilisera dessa resurser till viktiga samh\u00e4llsinvesteringar genom att ge EU:s medborgare bredare tillg\u00e5ng till kapitalmarknader, skapa attraktiva sparkonton och skattef\u00f6rm\u00e5ner vid investeringar. Samtidigt har f\u00f6retag sv\u00e5rt att f\u00e5 kapital, n\u00e5got kommissionen genom detta initiativ vill \u00e5tg\u00e4rda genom att skapa b\u00e4ttre finansieringsalternativ f\u00f6r f\u00f6retag. Genom att utveckla integrerade kapitalmarknader och banksystem syftar initiativet till att koppla ihop sparande och investeringsbehov.<\/p>\n<p style=\"text-align: justify;\"><strong>Sammanfattning: <\/strong><\/p>\n<p style=\"text-align: justify;\">I mitten av mars har det g\u00e5tt 100 dagar sedan den nya EU-kommissionen installerades (1 december 2024). Ursula von der Leyen ville g\u00f6ra en rivstart p\u00e5 sin andra mandatperiod och presenterade d\u00e4rf\u00f6r i december en gedigen lista med \u00e5tg\u00e4rder och initiativ som skulle lanseras under de 100 f\u00f6rsta dagarna efter kommissionens tilltr\u00e4dande. Nu n\u00e4r de f\u00f6rsta hundra dagarna g\u00e5tt har kommissionen hunnit lansera det mesta av det som var planerat.<\/p>\n<p style=\"text-align: justify;\">I veckan presenterades de sista komponenterna i EU-kommissionens 100-dagarsprogram, med en ny <em>handlingsplan f\u00f6r st\u00e5l och metallindustrin<\/em>, <em>en vitbok om det europeiska f\u00f6rsvarets framtid<\/em>, samt ett <em>initiativ om att besparings och investeringsinsatser f\u00f6r ett h\u00e5llbart och konkurrenskraftigt n\u00e4ringsliv<\/em>.<\/p>\n<p style=\"text-align: justify;\">F\u00f6rsvar, st\u00e5lindustri och investeringsinitiativ \u00e4r inte vanligtvis f\u00f6rem\u00e5l f\u00f6r Sm\u00e5land-Blekinge-Hallands Brysselkontor bevakning, men i och med sommarens lansering av EU-kommissionens f\u00f6rslag till ny l\u00e5ngtidsbudget, finns det anledning observera hur den nya EU-kommissionen vill anv\u00e4nda existerande finansieringsm\u00f6jligheter f\u00f6r att st\u00f6dja nya m\u00e5l. Initiativen kan skapa m\u00f6jligheter f\u00f6r tillv\u00e4xt, men v\u00e4cker ocks\u00e5 fr\u00e5gor om hur medlen i EU:s n\u00e4sta l\u00e5ngtidsbudget ska f\u00f6rdelas och vilka konsekvenser det kan f\u00e5 f\u00f6r regioner som Sm\u00e5land-Blekinge-Halland.<\/p>\n<p style=\"text-align: justify;\">Brysselkontoret f\u00f6ljer l\u00f6pande utvecklingen i Bryssel och kommer under \u00e5ret forts\u00e4tta att rapportera om diskussionerna kring sammanh\u00e5llningspolitikens framtid i EU:s n\u00e4sta l\u00e5ngtidsbudget.<\/p>\n<p style=\"text-align: justify;\">Vill ni ha mer information om n\u00e5got av de tre initiativen? F\u00f6lj d\u00e5 l\u00e4nkarna nedan f\u00f6r att ta del av initiativen i sin helhet, eller kontakta EU-handl\u00e4ggare <a href=\"mailto:martin.broberg@sbhss.eu\">Martin Broberg<\/a> p\u00e5 SBHSS Brysselkontor.<\/p>\n<p><strong>Vidare l\u00e4sning:<\/strong><\/p>\n<p style=\"text-align: justify;\"><a href=\"https:\/\/defence-industry-space.ec.europa.eu\/document\/download\/30b50d2c-49aa-4250-9ca6-27a0347cf009_en?filename=White%20Paper.pdf\">Vitboken f\u00f6r framtiden av europeiskt f\u00f6rsvar.<\/a><\/p>\n<p style=\"text-align: justify;\"><a href=\"https:\/\/single-market-economy.ec.europa.eu\/publications\/european-steel-and-metals-action-plan_en\">Handlingsplanen f\u00f6r st\u00e5l och metallindustrin.<\/a><\/p>\n<p style=\"text-align: justify;\"><a href=\"https:\/\/finance.ec.europa.eu\/publications\/commission-unveils-savings-and-investments-union-strategy-enhance-financial-opportunities-eu_en\">Unionen f\u00f6r sparande och investeringar.<\/a><\/p>\n<p><a href=\"https:\/\/ec.europa.eu\/commission\/presscorner\/detail\/en\/fs_25_722\">Kommissionen 2024-2029: De f\u00f6rsta 100 dagarna<\/a><\/p>\n<p><strong>Relaterade artiklar fr\u00e5n SBHSS:<\/strong><\/p>\n<p><a href=\"https:\/\/www.sbhss.eu\/sv\/eu-kommissionens-arbetsprogram-2025\/\">EU-kommissionens arbetsprogram 2025<\/a><\/p>\n<p><a href=\"https:\/\/www.sbhss.eu\/sv\/kommissionens-nya-giv\/\">Kommissionens nya giv!\u00a0<\/a><\/p>\n<p><a href=\"https:\/\/www.sbhss.eu\/sv\/farm-to-fork-ar-dod-lange-leve-konkurrensen\/\">Visionen f\u00f6r jordbruks och livsmedel<\/a><\/p>\n<p><a href=\"https:\/\/www.sbhss.eu\/sv\/eus-handlingsplan-for-fordonsindustrins-framtid\/\">EU:s handlingsplan f\u00f6r fordonsindustrins framtid<\/a><\/p>\n<p><a href=\"https:\/\/www.sbhss.eu\/sv\/konkurrenskraftig-industri-betalbar-energi-och-regelforenklingar\/\">Konkurrenskraftig industri, betalbar energi och regelf\u00f6renklingar<\/a><\/p>\n<p><a href=\"https:\/\/www.sbhss.eu\/sv\/critical-medicines-act-eus-nya-initiativ-for-starkt-lakemedelsforsorjning\/\">EU:s nya initiativ f\u00f6r st\u00e4rkt l\u00e4kemedelsf\u00f6rs\u00f6rjning\u00a0<\/a><\/p>\n<p><a href=\"https:\/\/www.sbhss.eu\/sv\/var-med-och-forma-eus-nasta-langtidsbudget\/\">Var med och forma EU:s n\u00e4sta l\u00e5ngtidsbudget<\/a><\/p>\n","protected":false},"excerpt":{"rendered":"<p>Med lanseringen av tre st\u00f6rre initiativ kring st\u00e5l, f\u00f6rsvar och industriella investeringar g\u00e5r den nya EU-kommissionen i m\u00e5l med sitt program f\u00f6r sina 100 f\u00f6rsta dagar. Tre m\u00e5nader in i den andra von der Leyen-kommissionen \u00e4r dess inriktning tydlig. Konkurrenskraft och europeisk s\u00e4kerhet kommer dominera den europeiska dagordningen under kommande \u00e5r. \u00c4ven om m\u00e5nga nya [&hellip;]<\/p>\n","protected":false},"author":22,"featured_media":7933,"comment_status":"closed","ping_status":"closed","sticky":false,"template":"","format":"standard","meta":{"_acf_changed":false,"footnotes":""},"categories":[3],"tags":[237,63,283,282,30,42,271,284,206,285,276,46,273,274,272],"class_list":["post-7932","post","type-post","status-publish","format-standard","has-post-thumbnail","hentry","category-okategoriserad","tag-clean-industrial-deal","tag-com","tag-erdf","tag-eruf","tag-eu","tag-eu-kommissionen","tag-first-100-days","tag-forsvar","tag-grona-given","tag-investering","tag-kom","tag-kommissionen","tag-rearm-europe","tag-savings-and-investments-union","tag-steel-and-metalls-action-plan"],"acf":[],"yoast_head":"<!-- This site is optimized with the Yoast SEO plugin v27.5 - https:\/\/yoast.com\/product\/yoast-seo-wordpress\/ -->\n<title>Kommissionens f\u00f6rsta 100 dagar l\u00e4gger grunden f\u00f6r f\u00f6r\u00e4ndringar - SBHSS<\/title>\n<meta name=\"robots\" content=\"index, follow, max-snippet:-1, max-image-preview:large, max-video-preview:-1\" \/>\n<link rel=\"canonical\" href=\"https:\/\/www.sbhss.eu\/sv\/kommissionens-forsta-100-dagar-lagger-grunden-for-forandringar\/\" \/>\n<meta property=\"og:locale\" content=\"sv_SE\" \/>\n<meta property=\"og:type\" content=\"article\" \/>\n<meta property=\"og:title\" content=\"Kommissionens f\u00f6rsta 100 dagar l\u00e4gger grunden f\u00f6r f\u00f6r\u00e4ndringar - SBHSS\" \/>\n<meta property=\"og:description\" content=\"Med lanseringen av tre st\u00f6rre initiativ kring st\u00e5l, f\u00f6rsvar och industriella investeringar g\u00e5r den nya EU-kommissionen i m\u00e5l med sitt program f\u00f6r sina 100 f\u00f6rsta dagar. Tre m\u00e5nader in i den andra von der Leyen-kommissionen \u00e4r dess inriktning tydlig. Konkurrenskraft och europeisk s\u00e4kerhet kommer dominera den europeiska dagordningen under kommande \u00e5r. \u00c4ven om m\u00e5nga nya [&hellip;]\" \/>\n<meta property=\"og:url\" content=\"https:\/\/www.sbhss.eu\/sv\/kommissionens-forsta-100-dagar-lagger-grunden-for-forandringar\/\" \/>\n<meta property=\"og:site_name\" content=\"SBHSS\" \/>\n<meta property=\"article:published_time\" content=\"2025-03-21T10:53:42+00:00\" \/>\n<meta property=\"article:modified_time\" content=\"2025-03-21T13:04:20+00:00\" \/>\n<meta property=\"og:image\" content=\"https:\/\/www.sbhss.eu\/wp-content\/uploads\/2025\/03\/00-06.jpg\" \/>\n\t<meta property=\"og:image:width\" content=\"991\" \/>\n\t<meta property=\"og:image:height\" content=\"661\" \/>\n\t<meta property=\"og:image:type\" content=\"image\/jpeg\" \/>\n<meta name=\"author\" content=\"Josefine L\u00f6\u00f6f\" \/>\n<meta name=\"twitter:card\" content=\"summary_large_image\" \/>\n<meta name=\"twitter:label1\" content=\"Skriven av\" \/>\n\t<meta name=\"twitter:data1\" content=\"Josefine L\u00f6\u00f6f\" \/>\n\t<meta name=\"twitter:label2\" content=\"Ber\u00e4knad l\u00e4stid\" \/>\n\t<meta name=\"twitter:data2\" content=\"6 minuter\" \/>\n<script type=\"application\/ld+json\" class=\"yoast-schema-graph\">{\"@context\":\"https:\\\/\\\/schema.org\",\"@graph\":[{\"@type\":\"Article\",\"@id\":\"https:\\\/\\\/www.sbhss.eu\\\/sv\\\/kommissionens-forsta-100-dagar-lagger-grunden-for-forandringar\\\/#article\",\"isPartOf\":{\"@id\":\"https:\\\/\\\/www.sbhss.eu\\\/sv\\\/kommissionens-forsta-100-dagar-lagger-grunden-for-forandringar\\\/\"},\"author\":{\"name\":\"Josefine L\u00f6\u00f6f\",\"@id\":\"https:\\\/\\\/www.sbhss.eu\\\/#\\\/schema\\\/person\\\/c9b7dd49a03566729aa503acce9ee8a6\"},\"headline\":\"Kommissionens f\u00f6rsta 100 dagar l\u00e4gger grunden f\u00f6r f\u00f6r\u00e4ndringar\",\"datePublished\":\"2025-03-21T10:53:42+00:00\",\"dateModified\":\"2025-03-21T13:04:20+00:00\",\"mainEntityOfPage\":{\"@id\":\"https:\\\/\\\/www.sbhss.eu\\\/sv\\\/kommissionens-forsta-100-dagar-lagger-grunden-for-forandringar\\\/\"},\"wordCount\":1522,\"image\":{\"@id\":\"https:\\\/\\\/www.sbhss.eu\\\/sv\\\/kommissionens-forsta-100-dagar-lagger-grunden-for-forandringar\\\/#primaryimage\"},\"thumbnailUrl\":\"https:\\\/\\\/www.sbhss.eu\\\/wp-content\\\/uploads\\\/2025\\\/03\\\/00-06.jpg\",\"keywords\":[\"clean industrial deal\",\"COM\",\"ERDF\",\"ERUF\",\"EU\",\"EU-kommissionen\",\"First 100 days\",\"F\u00f6rsvar\",\"gr\u00f6na given\",\"investering\",\"KOM\",\"kommissionen\",\"REARM Europe\",\"Savings and investments union\",\"Steel and metalls action plan\"],\"articleSection\":[\"Okategoriserad\"],\"inLanguage\":\"sv-SE\"},{\"@type\":\"WebPage\",\"@id\":\"https:\\\/\\\/www.sbhss.eu\\\/sv\\\/kommissionens-forsta-100-dagar-lagger-grunden-for-forandringar\\\/\",\"url\":\"https:\\\/\\\/www.sbhss.eu\\\/sv\\\/kommissionens-forsta-100-dagar-lagger-grunden-for-forandringar\\\/\",\"name\":\"Kommissionens f\u00f6rsta 100 dagar l\u00e4gger grunden f\u00f6r f\u00f6r\u00e4ndringar - SBHSS\",\"isPartOf\":{\"@id\":\"https:\\\/\\\/www.sbhss.eu\\\/#website\"},\"primaryImageOfPage\":{\"@id\":\"https:\\\/\\\/www.sbhss.eu\\\/sv\\\/kommissionens-forsta-100-dagar-lagger-grunden-for-forandringar\\\/#primaryimage\"},\"image\":{\"@id\":\"https:\\\/\\\/www.sbhss.eu\\\/sv\\\/kommissionens-forsta-100-dagar-lagger-grunden-for-forandringar\\\/#primaryimage\"},\"thumbnailUrl\":\"https:\\\/\\\/www.sbhss.eu\\\/wp-content\\\/uploads\\\/2025\\\/03\\\/00-06.jpg\",\"datePublished\":\"2025-03-21T10:53:42+00:00\",\"dateModified\":\"2025-03-21T13:04:20+00:00\",\"author\":{\"@id\":\"https:\\\/\\\/www.sbhss.eu\\\/#\\\/schema\\\/person\\\/c9b7dd49a03566729aa503acce9ee8a6\"},\"breadcrumb\":{\"@id\":\"https:\\\/\\\/www.sbhss.eu\\\/sv\\\/kommissionens-forsta-100-dagar-lagger-grunden-for-forandringar\\\/#breadcrumb\"},\"inLanguage\":\"sv-SE\",\"potentialAction\":[{\"@type\":\"ReadAction\",\"target\":[\"https:\\\/\\\/www.sbhss.eu\\\/sv\\\/kommissionens-forsta-100-dagar-lagger-grunden-for-forandringar\\\/\"]}]},{\"@type\":\"ImageObject\",\"inLanguage\":\"sv-SE\",\"@id\":\"https:\\\/\\\/www.sbhss.eu\\\/sv\\\/kommissionens-forsta-100-dagar-lagger-grunden-for-forandringar\\\/#primaryimage\",\"url\":\"https:\\\/\\\/www.sbhss.eu\\\/wp-content\\\/uploads\\\/2025\\\/03\\\/00-06.jpg\",\"contentUrl\":\"https:\\\/\\\/www.sbhss.eu\\\/wp-content\\\/uploads\\\/2025\\\/03\\\/00-06.jpg\",\"width\":991,\"height\":661},{\"@type\":\"BreadcrumbList\",\"@id\":\"https:\\\/\\\/www.sbhss.eu\\\/sv\\\/kommissionens-forsta-100-dagar-lagger-grunden-for-forandringar\\\/#breadcrumb\",\"itemListElement\":[{\"@type\":\"ListItem\",\"position\":1,\"name\":\"Hem\",\"item\":\"https:\\\/\\\/www.sbhss.eu\\\/sv\\\/\"},{\"@type\":\"ListItem\",\"position\":2,\"name\":\"Kommissionens f\u00f6rsta 100 dagar l\u00e4gger grunden f\u00f6r f\u00f6r\u00e4ndringar\"}]},{\"@type\":\"WebSite\",\"@id\":\"https:\\\/\\\/www.sbhss.eu\\\/#website\",\"url\":\"https:\\\/\\\/www.sbhss.eu\\\/\",\"name\":\"SBHSS\",\"description\":\"\",\"potentialAction\":[{\"@type\":\"SearchAction\",\"target\":{\"@type\":\"EntryPoint\",\"urlTemplate\":\"https:\\\/\\\/www.sbhss.eu\\\/?s={search_term_string}\"},\"query-input\":{\"@type\":\"PropertyValueSpecification\",\"valueRequired\":true,\"valueName\":\"search_term_string\"}}],\"inLanguage\":\"sv-SE\"},{\"@type\":\"Person\",\"@id\":\"https:\\\/\\\/www.sbhss.eu\\\/#\\\/schema\\\/person\\\/c9b7dd49a03566729aa503acce9ee8a6\",\"name\":\"Josefine L\u00f6\u00f6f\",\"image\":{\"@type\":\"ImageObject\",\"inLanguage\":\"sv-SE\",\"@id\":\"https:\\\/\\\/secure.gravatar.com\\\/avatar\\\/cb89cba22bfbe3ad6a8a6fbca03b64d6ae0e3b8c4e0b8a4c67220f0c0da34db3?s=96&d=mm&r=g\",\"url\":\"https:\\\/\\\/secure.gravatar.com\\\/avatar\\\/cb89cba22bfbe3ad6a8a6fbca03b64d6ae0e3b8c4e0b8a4c67220f0c0da34db3?s=96&d=mm&r=g\",\"contentUrl\":\"https:\\\/\\\/secure.gravatar.com\\\/avatar\\\/cb89cba22bfbe3ad6a8a6fbca03b64d6ae0e3b8c4e0b8a4c67220f0c0da34db3?s=96&d=mm&r=g\",\"caption\":\"Josefine L\u00f6\u00f6f\"},\"url\":\"https:\\\/\\\/www.sbhss.eu\\\/sv\\\/author\\\/josefine-l\\\/\"}]}<\/script>\n<!-- \/ Yoast SEO plugin. -->","yoast_head_json":{"title":"Kommissionens f\u00f6rsta 100 dagar l\u00e4gger grunden f\u00f6r f\u00f6r\u00e4ndringar - SBHSS","robots":{"index":"index","follow":"follow","max-snippet":"max-snippet:-1","max-image-preview":"max-image-preview:large","max-video-preview":"max-video-preview:-1"},"canonical":"https:\/\/www.sbhss.eu\/sv\/kommissionens-forsta-100-dagar-lagger-grunden-for-forandringar\/","og_locale":"sv_SE","og_type":"article","og_title":"Kommissionens f\u00f6rsta 100 dagar l\u00e4gger grunden f\u00f6r f\u00f6r\u00e4ndringar - SBHSS","og_description":"Med lanseringen av tre st\u00f6rre initiativ kring st\u00e5l, f\u00f6rsvar och industriella investeringar g\u00e5r den nya EU-kommissionen i m\u00e5l med sitt program f\u00f6r sina 100 f\u00f6rsta dagar. Tre m\u00e5nader in i den andra von der Leyen-kommissionen \u00e4r dess inriktning tydlig. Konkurrenskraft och europeisk s\u00e4kerhet kommer dominera den europeiska dagordningen under kommande \u00e5r. \u00c4ven om m\u00e5nga nya [&hellip;]","og_url":"https:\/\/www.sbhss.eu\/sv\/kommissionens-forsta-100-dagar-lagger-grunden-for-forandringar\/","og_site_name":"SBHSS","article_published_time":"2025-03-21T10:53:42+00:00","article_modified_time":"2025-03-21T13:04:20+00:00","og_image":[{"width":991,"height":661,"url":"https:\/\/www.sbhss.eu\/wp-content\/uploads\/2025\/03\/00-06.jpg","type":"image\/jpeg"}],"author":"Josefine L\u00f6\u00f6f","twitter_card":"summary_large_image","twitter_misc":{"Skriven av":"Josefine L\u00f6\u00f6f","Ber\u00e4knad l\u00e4stid":"6 minuter"},"schema":{"@context":"https:\/\/schema.org","@graph":[{"@type":"Article","@id":"https:\/\/www.sbhss.eu\/sv\/kommissionens-forsta-100-dagar-lagger-grunden-for-forandringar\/#article","isPartOf":{"@id":"https:\/\/www.sbhss.eu\/sv\/kommissionens-forsta-100-dagar-lagger-grunden-for-forandringar\/"},"author":{"name":"Josefine L\u00f6\u00f6f","@id":"https:\/\/www.sbhss.eu\/#\/schema\/person\/c9b7dd49a03566729aa503acce9ee8a6"},"headline":"Kommissionens f\u00f6rsta 100 dagar l\u00e4gger grunden f\u00f6r f\u00f6r\u00e4ndringar","datePublished":"2025-03-21T10:53:42+00:00","dateModified":"2025-03-21T13:04:20+00:00","mainEntityOfPage":{"@id":"https:\/\/www.sbhss.eu\/sv\/kommissionens-forsta-100-dagar-lagger-grunden-for-forandringar\/"},"wordCount":1522,"image":{"@id":"https:\/\/www.sbhss.eu\/sv\/kommissionens-forsta-100-dagar-lagger-grunden-for-forandringar\/#primaryimage"},"thumbnailUrl":"https:\/\/www.sbhss.eu\/wp-content\/uploads\/2025\/03\/00-06.jpg","keywords":["clean industrial deal","COM","ERDF","ERUF","EU","EU-kommissionen","First 100 days","F\u00f6rsvar","gr\u00f6na given","investering","KOM","kommissionen","REARM Europe","Savings and investments union","Steel and metalls action plan"],"articleSection":["Okategoriserad"],"inLanguage":"sv-SE"},{"@type":"WebPage","@id":"https:\/\/www.sbhss.eu\/sv\/kommissionens-forsta-100-dagar-lagger-grunden-for-forandringar\/","url":"https:\/\/www.sbhss.eu\/sv\/kommissionens-forsta-100-dagar-lagger-grunden-for-forandringar\/","name":"Kommissionens f\u00f6rsta 100 dagar l\u00e4gger grunden f\u00f6r f\u00f6r\u00e4ndringar - SBHSS","isPartOf":{"@id":"https:\/\/www.sbhss.eu\/#website"},"primaryImageOfPage":{"@id":"https:\/\/www.sbhss.eu\/sv\/kommissionens-forsta-100-dagar-lagger-grunden-for-forandringar\/#primaryimage"},"image":{"@id":"https:\/\/www.sbhss.eu\/sv\/kommissionens-forsta-100-dagar-lagger-grunden-for-forandringar\/#primaryimage"},"thumbnailUrl":"https:\/\/www.sbhss.eu\/wp-content\/uploads\/2025\/03\/00-06.jpg","datePublished":"2025-03-21T10:53:42+00:00","dateModified":"2025-03-21T13:04:20+00:00","author":{"@id":"https:\/\/www.sbhss.eu\/#\/schema\/person\/c9b7dd49a03566729aa503acce9ee8a6"},"breadcrumb":{"@id":"https:\/\/www.sbhss.eu\/sv\/kommissionens-forsta-100-dagar-lagger-grunden-for-forandringar\/#breadcrumb"},"inLanguage":"sv-SE","potentialAction":[{"@type":"ReadAction","target":["https:\/\/www.sbhss.eu\/sv\/kommissionens-forsta-100-dagar-lagger-grunden-for-forandringar\/"]}]},{"@type":"ImageObject","inLanguage":"sv-SE","@id":"https:\/\/www.sbhss.eu\/sv\/kommissionens-forsta-100-dagar-lagger-grunden-for-forandringar\/#primaryimage","url":"https:\/\/www.sbhss.eu\/wp-content\/uploads\/2025\/03\/00-06.jpg","contentUrl":"https:\/\/www.sbhss.eu\/wp-content\/uploads\/2025\/03\/00-06.jpg","width":991,"height":661},{"@type":"BreadcrumbList","@id":"https:\/\/www.sbhss.eu\/sv\/kommissionens-forsta-100-dagar-lagger-grunden-for-forandringar\/#breadcrumb","itemListElement":[{"@type":"ListItem","position":1,"name":"Hem","item":"https:\/\/www.sbhss.eu\/sv\/"},{"@type":"ListItem","position":2,"name":"Kommissionens f\u00f6rsta 100 dagar l\u00e4gger grunden f\u00f6r f\u00f6r\u00e4ndringar"}]},{"@type":"WebSite","@id":"https:\/\/www.sbhss.eu\/#website","url":"https:\/\/www.sbhss.eu\/","name":"SBHSS","description":"","potentialAction":[{"@type":"SearchAction","target":{"@type":"EntryPoint","urlTemplate":"https:\/\/www.sbhss.eu\/?s={search_term_string}"},"query-input":{"@type":"PropertyValueSpecification","valueRequired":true,"valueName":"search_term_string"}}],"inLanguage":"sv-SE"},{"@type":"Person","@id":"https:\/\/www.sbhss.eu\/#\/schema\/person\/c9b7dd49a03566729aa503acce9ee8a6","name":"Josefine L\u00f6\u00f6f","image":{"@type":"ImageObject","inLanguage":"sv-SE","@id":"https:\/\/secure.gravatar.com\/avatar\/cb89cba22bfbe3ad6a8a6fbca03b64d6ae0e3b8c4e0b8a4c67220f0c0da34db3?s=96&d=mm&r=g","url":"https:\/\/secure.gravatar.com\/avatar\/cb89cba22bfbe3ad6a8a6fbca03b64d6ae0e3b8c4e0b8a4c67220f0c0da34db3?s=96&d=mm&r=g","contentUrl":"https:\/\/secure.gravatar.com\/avatar\/cb89cba22bfbe3ad6a8a6fbca03b64d6ae0e3b8c4e0b8a4c67220f0c0da34db3?s=96&d=mm&r=g","caption":"Josefine L\u00f6\u00f6f"},"url":"https:\/\/www.sbhss.eu\/sv\/author\/josefine-l\/"}]}},"_links":{"self":[{"href":"https:\/\/www.sbhss.eu\/sv\/wp-json\/wp\/v2\/posts\/7932","targetHints":{"allow":["GET"]}}],"collection":[{"href":"https:\/\/www.sbhss.eu\/sv\/wp-json\/wp\/v2\/posts"}],"about":[{"href":"https:\/\/www.sbhss.eu\/sv\/wp-json\/wp\/v2\/types\/post"}],"author":[{"embeddable":true,"href":"https:\/\/www.sbhss.eu\/sv\/wp-json\/wp\/v2\/users\/22"}],"replies":[{"embeddable":true,"href":"https:\/\/www.sbhss.eu\/sv\/wp-json\/wp\/v2\/comments?post=7932"}],"version-history":[{"count":6,"href":"https:\/\/www.sbhss.eu\/sv\/wp-json\/wp\/v2\/posts\/7932\/revisions"}],"predecessor-version":[{"id":7943,"href":"https:\/\/www.sbhss.eu\/sv\/wp-json\/wp\/v2\/posts\/7932\/revisions\/7943"}],"wp:featuredmedia":[{"embeddable":true,"href":"https:\/\/www.sbhss.eu\/sv\/wp-json\/wp\/v2\/media\/7933"}],"wp:attachment":[{"href":"https:\/\/www.sbhss.eu\/sv\/wp-json\/wp\/v2\/media?parent=7932"}],"wp:term":[{"taxonomy":"category","embeddable":true,"href":"https:\/\/www.sbhss.eu\/sv\/wp-json\/wp\/v2\/categories?post=7932"},{"taxonomy":"post_tag","embeddable":true,"href":"https:\/\/www.sbhss.eu\/sv\/wp-json\/wp\/v2\/tags?post=7932"}],"curies":[{"name":"wp","href":"https:\/\/api.w.org\/{rel}","templated":true}]}}