{"id":809,"date":"2018-01-05T11:45:14","date_gmt":"2018-01-05T10:45:14","guid":{"rendered":"http:\/\/wp.sbhss.eu\/?p=809"},"modified":"2018-01-05T11:45:14","modified_gmt":"2018-01-05T10:45:14","slug":"eu-medel-foer-marknadsfoering-av-regionala-livsmedelsprodukter","status":"publish","type":"post","link":"https:\/\/www.sbhss.eu\/sv\/eu-medel-foer-marknadsfoering-av-regionala-livsmedelsprodukter\/","title":{"rendered":"EU-medel f\u00f6r marknadsf\u00f6ring av regionala livsmedelsprodukter"},"content":{"rendered":"<p style=\"text-align: justify;\">EU:s strategi f\u00f6r s\u00e4ljfr\u00e4mjande \u00e5tg\u00e4rder avser att hj\u00e4lpa producenter att s\u00e4lja livsmedel p\u00e5 en allt mer konkurrensutsatt global marknad. EU-medel kopplade till strategin kan anv\u00e4ndas f\u00f6r informations- och reklamkampanjer b\u00e5de i och utanf\u00f6r EU. Det finns s\u00e5ledes goda m\u00f6jligheter f\u00f6r akt\u00f6rer i Sm\u00e5land-Blekinge-Halland att ans\u00f6ka om projekt f\u00f6r att fr\u00e4mja den regionala livsmedelskedjan, b\u00e5de vad g\u00e4ller marknadsf\u00f6ring p\u00e5 den svenska och\/eller p\u00e5 den internationella marknaden. &nbsp;<\/p>\n<p><!--more--><\/p>\n<p style=\"text-align: justify;\">S\u00e4ljfr\u00e4mjande \u00e5tg\u00e4rder f\u00f6r EU:s jordbruksprodukter skapar nya marknadsm\u00f6jligheter f\u00f6r livsmedelsindustrin i stort och hj\u00e4lper livsmedelsakt\u00f6rer att utveckla sin verksamhet. Budgeten f\u00f6r s\u00e4ljfr\u00e4mjande \u00e5tg\u00e4rder har \u00f6kat fr\u00e5n 142,5 miljoner euro 2017 till 188,5 miljoner 2018. <a href=\"https:\/\/ec.europa.eu\/chafea\/agri\/newsroom-and-events\/events\/save-date-info-day-calls-proposals-2018\"><u>Den 31 januari 2018 kommer \u00e5rets arbetsprogram och utlysningar offentligg\u00f6ras under en informationsdag i Bryssel. <\/u><\/a>&nbsp;Informationsdagen anordnas av Chafea (European Commission \u2013 Consumers, Health, Agriculture and Food executive agency). Chafea beviljar bidrag och sk\u00f6ter bidragsavtal f\u00f6r s\u00e5 kallade <a href=\"https:\/\/ec.europa.eu\/chafea\/agri\/funding-opportunities\/simple-and-multi-programmes\"><u>multiprogram&nbsp;<\/u><\/a>(program med minst tv\u00e5 organisationer fr\u00e5n minst tv\u00e5 EU-l\u00e4nder eller en eller flera EU-institutioner). Efter en ans\u00f6kningsomg\u00e5ng kan kommissionen v\u00e4lja ut s\u00e5 kallade <a href=\"https:\/\/ec.europa.eu\/chafea\/agri\/funding-opportunities\/simple-and-multi-programmes\"><u>enkla program&nbsp;<\/u><\/a>(program med en eller flera organisationer fr\u00e5n samma EU-land). De s.k. enkla programmen sk\u00f6ts i Sverige av Jordbruksverket. Fr\u00e5n 2010 har Svenska akt\u00f6rer deltagit i 12 program (2 multiprogram och 10 enkla program).<\/p>\n<p style=\"text-align: justify;\">2017 \u00e5rs prioriteringar var bl.a. att fr\u00e4mja produkter med EU:s kvalitetsloggor, produkter fr\u00e5n EU:s periferi och st\u00f6tta ekologisk produktion. EU-medel anv\u00e4ndes ocks\u00e5 f\u00f6r att st\u00f6dja sektorer med s\u00e4rskilda marknadssv\u00e5righeter (som mj\u00f6lkprodukter, grisk\u00f6tt och n\u00f6tk\u00f6tt). En ny post p\u00e5 15 miljoner euro ska finansiera s\u00e4ljfr\u00e4mjande program f\u00f6r att \u00f6ka kunskapen om h\u00e5llbart jordbruk. <a href=\"https:\/\/ec.europa.eu\/chafea\/agri\/campaigns\/map-and-statistics-target-countries\"><u>Mer statistik och exempel p\u00e5 tidigare projekt hittar du h\u00e4r.<\/u><\/a><\/p>\n<p style=\"text-align: justify;\">Informationsdagen den 31 januari riktar sig till potentiella bidragss\u00f6kare och ut\u00f6ver information kring det nya arbetsprogrammet och utlysningar kommer det \u00e4ven att anordnas en <em>\u201dmatch-making session\u201d<\/em>. <a href=\"https:\/\/scic.ec.europa.eu\/fmi\/ezreg\/CHAFEA2018\/start\"><u>Deltagare kan registrera sig fram till den 24 januari <\/u><\/a>.<\/p>\n<p style=\"text-align: justify;\">F\u00f6r mer information kontakta Brysselkontoret <a>adam.andersson@sbhss.eu<\/a><\/p>\n","protected":false},"excerpt":{"rendered":"<p>EU:s strategi f\u00f6r s\u00e4ljfr\u00e4mjande \u00e5tg\u00e4rder avser att hj\u00e4lpa producenter att s\u00e4lja livsmedel p\u00e5 en allt mer konkurrensutsatt global marknad. EU-medel kopplade till strategin kan anv\u00e4ndas f\u00f6r informations- och reklamkampanjer b\u00e5de i och utanf\u00f6r EU. Det finns s\u00e5ledes goda m\u00f6jligheter f\u00f6r akt\u00f6rer i Sm\u00e5land-Blekinge-Halland att ans\u00f6ka om projekt f\u00f6r att fr\u00e4mja den regionala livsmedelskedjan, b\u00e5de vad [&hellip;]<\/p>\n","protected":false},"author":3,"featured_media":0,"comment_status":"open","ping_status":"open","sticky":false,"template":"","format":"standard","meta":{"_acf_changed":false,"footnotes":""},"categories":[11],"tags":[],"class_list":["post-809","post","type-post","status-publish","format-standard","hentry","category-hem"],"acf":[],"yoast_head":"<!-- This site is optimized with the Yoast SEO plugin v27.5 - https:\/\/yoast.com\/product\/yoast-seo-wordpress\/ -->\n<title>EU-medel f\u00f6r marknadsf\u00f6ring av regionala livsmedelsprodukter - SBHSS<\/title>\n<meta name=\"robots\" content=\"index, follow, max-snippet:-1, max-image-preview:large, max-video-preview:-1\" \/>\n<link rel=\"canonical\" href=\"https:\/\/www.sbhss.eu\/sv\/eu-medel-foer-marknadsfoering-av-regionala-livsmedelsprodukter\/\" \/>\n<meta property=\"og:locale\" content=\"sv_SE\" \/>\n<meta property=\"og:type\" content=\"article\" \/>\n<meta property=\"og:title\" content=\"EU-medel f\u00f6r marknadsf\u00f6ring av regionala livsmedelsprodukter - SBHSS\" \/>\n<meta property=\"og:description\" content=\"EU:s strategi f\u00f6r s\u00e4ljfr\u00e4mjande \u00e5tg\u00e4rder avser att hj\u00e4lpa producenter att s\u00e4lja livsmedel p\u00e5 en allt mer konkurrensutsatt global marknad. EU-medel kopplade till strategin kan anv\u00e4ndas f\u00f6r informations- och reklamkampanjer b\u00e5de i och utanf\u00f6r EU. Det finns s\u00e5ledes goda m\u00f6jligheter f\u00f6r akt\u00f6rer i Sm\u00e5land-Blekinge-Halland att ans\u00f6ka om projekt f\u00f6r att fr\u00e4mja den regionala livsmedelskedjan, b\u00e5de vad [&hellip;]\" \/>\n<meta property=\"og:url\" content=\"https:\/\/www.sbhss.eu\/sv\/eu-medel-foer-marknadsfoering-av-regionala-livsmedelsprodukter\/\" \/>\n<meta property=\"og:site_name\" content=\"SBHSS\" \/>\n<meta property=\"article:published_time\" content=\"2018-01-05T10:45:14+00:00\" \/>\n<meta name=\"author\" content=\"Sven Kast\u00f6\" \/>\n<meta name=\"twitter:card\" content=\"summary_large_image\" \/>\n<meta name=\"twitter:label1\" content=\"Skriven av\" \/>\n\t<meta name=\"twitter:data1\" content=\"Sven Kast\u00f6\" \/>\n\t<meta name=\"twitter:label2\" content=\"Ber\u00e4knad l\u00e4stid\" \/>\n\t<meta name=\"twitter:data2\" content=\"2 minuter\" \/>\n<script type=\"application\/ld+json\" class=\"yoast-schema-graph\">{\"@context\":\"https:\\\/\\\/schema.org\",\"@graph\":[{\"@type\":\"Article\",\"@id\":\"https:\\\/\\\/www.sbhss.eu\\\/sv\\\/eu-medel-foer-marknadsfoering-av-regionala-livsmedelsprodukter\\\/#article\",\"isPartOf\":{\"@id\":\"https:\\\/\\\/www.sbhss.eu\\\/sv\\\/eu-medel-foer-marknadsfoering-av-regionala-livsmedelsprodukter\\\/\"},\"author\":{\"name\":\"Sven Kast\u00f6\",\"@id\":\"https:\\\/\\\/www.sbhss.eu\\\/#\\\/schema\\\/person\\\/b8d8eb4c1088a05ed50ecff9b2bf643f\"},\"headline\":\"EU-medel f\u00f6r marknadsf\u00f6ring av regionala livsmedelsprodukter\",\"datePublished\":\"2018-01-05T10:45:14+00:00\",\"mainEntityOfPage\":{\"@id\":\"https:\\\/\\\/www.sbhss.eu\\\/sv\\\/eu-medel-foer-marknadsfoering-av-regionala-livsmedelsprodukter\\\/\"},\"wordCount\":372,\"commentCount\":0,\"articleSection\":[\"Hem - Startsidan\"],\"inLanguage\":\"sv-SE\"},{\"@type\":\"WebPage\",\"@id\":\"https:\\\/\\\/www.sbhss.eu\\\/sv\\\/eu-medel-foer-marknadsfoering-av-regionala-livsmedelsprodukter\\\/\",\"url\":\"https:\\\/\\\/www.sbhss.eu\\\/sv\\\/eu-medel-foer-marknadsfoering-av-regionala-livsmedelsprodukter\\\/\",\"name\":\"EU-medel f\u00f6r marknadsf\u00f6ring av regionala livsmedelsprodukter - SBHSS\",\"isPartOf\":{\"@id\":\"https:\\\/\\\/www.sbhss.eu\\\/#website\"},\"datePublished\":\"2018-01-05T10:45:14+00:00\",\"author\":{\"@id\":\"https:\\\/\\\/www.sbhss.eu\\\/#\\\/schema\\\/person\\\/b8d8eb4c1088a05ed50ecff9b2bf643f\"},\"breadcrumb\":{\"@id\":\"https:\\\/\\\/www.sbhss.eu\\\/sv\\\/eu-medel-foer-marknadsfoering-av-regionala-livsmedelsprodukter\\\/#breadcrumb\"},\"inLanguage\":\"sv-SE\",\"potentialAction\":[{\"@type\":\"ReadAction\",\"target\":[\"https:\\\/\\\/www.sbhss.eu\\\/sv\\\/eu-medel-foer-marknadsfoering-av-regionala-livsmedelsprodukter\\\/\"]}]},{\"@type\":\"BreadcrumbList\",\"@id\":\"https:\\\/\\\/www.sbhss.eu\\\/sv\\\/eu-medel-foer-marknadsfoering-av-regionala-livsmedelsprodukter\\\/#breadcrumb\",\"itemListElement\":[{\"@type\":\"ListItem\",\"position\":1,\"name\":\"Hem\",\"item\":\"https:\\\/\\\/www.sbhss.eu\\\/sv\\\/\"},{\"@type\":\"ListItem\",\"position\":2,\"name\":\"EU-medel f\u00f6r marknadsf\u00f6ring av regionala livsmedelsprodukter\"}]},{\"@type\":\"WebSite\",\"@id\":\"https:\\\/\\\/www.sbhss.eu\\\/#website\",\"url\":\"https:\\\/\\\/www.sbhss.eu\\\/\",\"name\":\"SBHSS\",\"description\":\"\",\"potentialAction\":[{\"@type\":\"SearchAction\",\"target\":{\"@type\":\"EntryPoint\",\"urlTemplate\":\"https:\\\/\\\/www.sbhss.eu\\\/?s={search_term_string}\"},\"query-input\":{\"@type\":\"PropertyValueSpecification\",\"valueRequired\":true,\"valueName\":\"search_term_string\"}}],\"inLanguage\":\"sv-SE\"},{\"@type\":\"Person\",\"@id\":\"https:\\\/\\\/www.sbhss.eu\\\/#\\\/schema\\\/person\\\/b8d8eb4c1088a05ed50ecff9b2bf643f\",\"name\":\"Sven Kast\u00f6\",\"image\":{\"@type\":\"ImageObject\",\"inLanguage\":\"sv-SE\",\"@id\":\"https:\\\/\\\/secure.gravatar.com\\\/avatar\\\/4ce3985fbe5a36073e6a0cbba2acaad0da794332aeb9a944eca4c7548361a263?s=96&d=mm&r=g\",\"url\":\"https:\\\/\\\/secure.gravatar.com\\\/avatar\\\/4ce3985fbe5a36073e6a0cbba2acaad0da794332aeb9a944eca4c7548361a263?s=96&d=mm&r=g\",\"contentUrl\":\"https:\\\/\\\/secure.gravatar.com\\\/avatar\\\/4ce3985fbe5a36073e6a0cbba2acaad0da794332aeb9a944eca4c7548361a263?s=96&d=mm&r=g\",\"caption\":\"Sven Kast\u00f6\"},\"url\":\"https:\\\/\\\/www.sbhss.eu\\\/sv\\\/author\\\/sven-kastosbhss-eu\\\/\"}]}<\/script>\n<!-- \/ Yoast SEO plugin. -->","yoast_head_json":{"title":"EU-medel f\u00f6r marknadsf\u00f6ring av regionala livsmedelsprodukter - SBHSS","robots":{"index":"index","follow":"follow","max-snippet":"max-snippet:-1","max-image-preview":"max-image-preview:large","max-video-preview":"max-video-preview:-1"},"canonical":"https:\/\/www.sbhss.eu\/sv\/eu-medel-foer-marknadsfoering-av-regionala-livsmedelsprodukter\/","og_locale":"sv_SE","og_type":"article","og_title":"EU-medel f\u00f6r marknadsf\u00f6ring av regionala livsmedelsprodukter - SBHSS","og_description":"EU:s strategi f\u00f6r s\u00e4ljfr\u00e4mjande \u00e5tg\u00e4rder avser att hj\u00e4lpa producenter att s\u00e4lja livsmedel p\u00e5 en allt mer konkurrensutsatt global marknad. EU-medel kopplade till strategin kan anv\u00e4ndas f\u00f6r informations- och reklamkampanjer b\u00e5de i och utanf\u00f6r EU. Det finns s\u00e5ledes goda m\u00f6jligheter f\u00f6r akt\u00f6rer i Sm\u00e5land-Blekinge-Halland att ans\u00f6ka om projekt f\u00f6r att fr\u00e4mja den regionala livsmedelskedjan, b\u00e5de vad [&hellip;]","og_url":"https:\/\/www.sbhss.eu\/sv\/eu-medel-foer-marknadsfoering-av-regionala-livsmedelsprodukter\/","og_site_name":"SBHSS","article_published_time":"2018-01-05T10:45:14+00:00","author":"Sven Kast\u00f6","twitter_card":"summary_large_image","twitter_misc":{"Skriven av":"Sven Kast\u00f6","Ber\u00e4knad l\u00e4stid":"2 minuter"},"schema":{"@context":"https:\/\/schema.org","@graph":[{"@type":"Article","@id":"https:\/\/www.sbhss.eu\/sv\/eu-medel-foer-marknadsfoering-av-regionala-livsmedelsprodukter\/#article","isPartOf":{"@id":"https:\/\/www.sbhss.eu\/sv\/eu-medel-foer-marknadsfoering-av-regionala-livsmedelsprodukter\/"},"author":{"name":"Sven Kast\u00f6","@id":"https:\/\/www.sbhss.eu\/#\/schema\/person\/b8d8eb4c1088a05ed50ecff9b2bf643f"},"headline":"EU-medel f\u00f6r marknadsf\u00f6ring av regionala livsmedelsprodukter","datePublished":"2018-01-05T10:45:14+00:00","mainEntityOfPage":{"@id":"https:\/\/www.sbhss.eu\/sv\/eu-medel-foer-marknadsfoering-av-regionala-livsmedelsprodukter\/"},"wordCount":372,"commentCount":0,"articleSection":["Hem - Startsidan"],"inLanguage":"sv-SE"},{"@type":"WebPage","@id":"https:\/\/www.sbhss.eu\/sv\/eu-medel-foer-marknadsfoering-av-regionala-livsmedelsprodukter\/","url":"https:\/\/www.sbhss.eu\/sv\/eu-medel-foer-marknadsfoering-av-regionala-livsmedelsprodukter\/","name":"EU-medel f\u00f6r marknadsf\u00f6ring av regionala livsmedelsprodukter - SBHSS","isPartOf":{"@id":"https:\/\/www.sbhss.eu\/#website"},"datePublished":"2018-01-05T10:45:14+00:00","author":{"@id":"https:\/\/www.sbhss.eu\/#\/schema\/person\/b8d8eb4c1088a05ed50ecff9b2bf643f"},"breadcrumb":{"@id":"https:\/\/www.sbhss.eu\/sv\/eu-medel-foer-marknadsfoering-av-regionala-livsmedelsprodukter\/#breadcrumb"},"inLanguage":"sv-SE","potentialAction":[{"@type":"ReadAction","target":["https:\/\/www.sbhss.eu\/sv\/eu-medel-foer-marknadsfoering-av-regionala-livsmedelsprodukter\/"]}]},{"@type":"BreadcrumbList","@id":"https:\/\/www.sbhss.eu\/sv\/eu-medel-foer-marknadsfoering-av-regionala-livsmedelsprodukter\/#breadcrumb","itemListElement":[{"@type":"ListItem","position":1,"name":"Hem","item":"https:\/\/www.sbhss.eu\/sv\/"},{"@type":"ListItem","position":2,"name":"EU-medel f\u00f6r marknadsf\u00f6ring av regionala livsmedelsprodukter"}]},{"@type":"WebSite","@id":"https:\/\/www.sbhss.eu\/#website","url":"https:\/\/www.sbhss.eu\/","name":"SBHSS","description":"","potentialAction":[{"@type":"SearchAction","target":{"@type":"EntryPoint","urlTemplate":"https:\/\/www.sbhss.eu\/?s={search_term_string}"},"query-input":{"@type":"PropertyValueSpecification","valueRequired":true,"valueName":"search_term_string"}}],"inLanguage":"sv-SE"},{"@type":"Person","@id":"https:\/\/www.sbhss.eu\/#\/schema\/person\/b8d8eb4c1088a05ed50ecff9b2bf643f","name":"Sven Kast\u00f6","image":{"@type":"ImageObject","inLanguage":"sv-SE","@id":"https:\/\/secure.gravatar.com\/avatar\/4ce3985fbe5a36073e6a0cbba2acaad0da794332aeb9a944eca4c7548361a263?s=96&d=mm&r=g","url":"https:\/\/secure.gravatar.com\/avatar\/4ce3985fbe5a36073e6a0cbba2acaad0da794332aeb9a944eca4c7548361a263?s=96&d=mm&r=g","contentUrl":"https:\/\/secure.gravatar.com\/avatar\/4ce3985fbe5a36073e6a0cbba2acaad0da794332aeb9a944eca4c7548361a263?s=96&d=mm&r=g","caption":"Sven Kast\u00f6"},"url":"https:\/\/www.sbhss.eu\/sv\/author\/sven-kastosbhss-eu\/"}]}},"_links":{"self":[{"href":"https:\/\/www.sbhss.eu\/sv\/wp-json\/wp\/v2\/posts\/809","targetHints":{"allow":["GET"]}}],"collection":[{"href":"https:\/\/www.sbhss.eu\/sv\/wp-json\/wp\/v2\/posts"}],"about":[{"href":"https:\/\/www.sbhss.eu\/sv\/wp-json\/wp\/v2\/types\/post"}],"author":[{"embeddable":true,"href":"https:\/\/www.sbhss.eu\/sv\/wp-json\/wp\/v2\/users\/3"}],"replies":[{"embeddable":true,"href":"https:\/\/www.sbhss.eu\/sv\/wp-json\/wp\/v2\/comments?post=809"}],"version-history":[{"count":0,"href":"https:\/\/www.sbhss.eu\/sv\/wp-json\/wp\/v2\/posts\/809\/revisions"}],"wp:attachment":[{"href":"https:\/\/www.sbhss.eu\/sv\/wp-json\/wp\/v2\/media?parent=809"}],"wp:term":[{"taxonomy":"category","embeddable":true,"href":"https:\/\/www.sbhss.eu\/sv\/wp-json\/wp\/v2\/categories?post=809"},{"taxonomy":"post_tag","embeddable":true,"href":"https:\/\/www.sbhss.eu\/sv\/wp-json\/wp\/v2\/tags?post=809"}],"curies":[{"name":"wp","href":"https:\/\/api.w.org\/{rel}","templated":true}]}}