{"id":814,"date":"2018-01-17T11:18:03","date_gmt":"2018-01-17T10:18:03","guid":{"rendered":"http:\/\/wp.sbhss.eu\/?p=814"},"modified":"2018-01-17T11:18:03","modified_gmt":"2018-01-17T10:18:03","slug":"varens-upplaga-av-pa-gang-inom-eu-publicerad","status":"publish","type":"post","link":"https:\/\/www.sbhss.eu\/sv\/varens-upplaga-av-pa-gang-inom-eu-publicerad\/","title":{"rendered":"V\u00e5rens upplaga av &#8221;P\u00e5 g\u00e5ng inom EU&#8221; publicerad"},"content":{"rendered":"<p style=\"text-align: justify;\">&nbsp;<\/p>\n<p style=\"text-align: justify;\">Sveriges Kommuner och Landsting har nu publicerat v\u00e5rens upplaga av \u201d<a href=\"http:\/\/webbutik.skl.se\/sv\/artiklar\/pa-gang-inom-eu-3.html\"><u>P\u00e5 g\u00e5ng i EU<\/u><\/a>\u201d, en skrift som publiceras tv\u00e5 g\u00e5nger per \u00e5r och redog\u00f6r f\u00f6r aktuella EU-fr\u00e5gor som p\u00e5verkar Sveriges kommuner, landsting och regioner. Texterna \u00e4r skrivna av experter p\u00e5 SKL i samarbete med Internationella sektionen. &nbsp;Mer information om Sveriges Kommuner och Landstings arbete i EU samt skriften finns tillg\u00e4nglig p\u00e5 <a href=\"https:\/\/skl.se\/demokratiledningstyrning\/euinternationellt.400.html\"><u>deras hemsida h\u00e4r<\/u><\/a>.<\/p>\n<p><!--more--><\/p>\n<p style=\"text-align: justify;\">I v\u00e5rens upplaga finns givetvis Brexit fortfarande med i diskussionen, nu \u00e4r det framf\u00f6rallt en prioritet f\u00f6r EU att g\u00e5 vidare och fokusera p\u00e5 Europas utveckling. Som effekt av det sociala toppm\u00f6tet i G\u00f6teborg ser SKL g\u00e4rna att de sociala fr\u00e5gorna f\u00e5r ett st\u00f6rre fokus. I centrum st\u00e5r dock EU:s l\u00e5ngtidsbudget, ett av det mest avg\u00f6rande dokumentet f\u00f6r EU:s n\u00e4rmaste framtid just nu och som p\u00e5verkar framtida finansiering till sammanh\u00e5llningspolitiken och till forskning &amp; innovation.<\/p>\n<p style=\"text-align: justify;\">I dokumentet presenteras samtliga 9 prioriterade omr\u00e5den f\u00f6r SKL under 2018 som \u00e4r viktiga f\u00f6r kommuner, landsting och regioner. F\u00f6r varje prioriterad fr\u00e5ga finns ett antal viljeriktningar som f\u00f6rbundet ska verka f\u00f6r, samt aktiviteter som ska genomf\u00f6ras under \u00e5ret.<\/p>\n<p style=\"text-align: justify; margin-left: 18pt;\">EU:s framtida l\u00e5ngtidsbudget efter 2020<\/p>\n<p style=\"text-align: justify; margin-left: 18pt;\">En kraftfull och utvecklad sammanh\u00e5llningspolitik efter 2020<\/p>\n<p style=\"text-align: justify; margin-left: 18pt;\">Den sociala dimensionen av EU<\/p>\n<p style=\"text-align: justify; margin-left: 18pt;\">F\u00f6rb\u00e4ttrad balans mellan arbete och privatliv f\u00f6r f\u00f6r\u00e4ldrar och anh\u00f6rigv\u00e5rdare<\/p>\n<p style=\"text-align: justify; margin-left: 18pt;\">Ett h\u00e5llbart asyl- och flyktingmottagande i hela EU<\/p>\n<p style=\"text-align: justify; margin-left: 18pt;\">Energieffektivisering och f\u00f6rnybar energi<\/p>\n<p style=\"text-align: justify; margin-left: 18pt;\">Lokala f\u00f6ruts\u00e4ttningar f\u00f6r s\u00e4ker dricksvattenkvalitet inom EU<\/p>\n<p style=\"text-align: justify; margin-left: 18pt;\">Lokala och regionala aspekter i arbetet f\u00f6r cirkul\u00e4r ekonomi \u2013 en ny plaststrategi<\/p>\n<p style=\"text-align: justify; margin-left: 18pt;\">Mobilitet och infrastruktur inklusive bredband<\/p>\n<p style=\"text-align: justify;\">Det g\u00e5r att l\u00e4sa mer om de prioriterade fr\u00e5gorna i sin helhet <a href=\"https:\/\/skl.se\/download\/18.7f0d592160465da1ca9e056\/1513598316964\/Prioriterade%20EU-fr%C3%A5gor%20f%C3%B6r%20Sveriges%20Kommuner%20och%20Landsting%20-%202018.pdf\"><u>hos SKL.<\/u><\/a><\/p>\n<p style=\"text-align: justify;\">&nbsp;<\/p>\n","protected":false},"excerpt":{"rendered":"<p>&nbsp; Sveriges Kommuner och Landsting har nu publicerat v\u00e5rens upplaga av \u201dP\u00e5 g\u00e5ng i EU\u201d, en skrift som publiceras tv\u00e5 g\u00e5nger per \u00e5r och redog\u00f6r f\u00f6r aktuella EU-fr\u00e5gor som p\u00e5verkar Sveriges kommuner, landsting och regioner. Texterna \u00e4r skrivna av experter p\u00e5 SKL i samarbete med Internationella sektionen. &nbsp;Mer information om Sveriges Kommuner och Landstings arbete [&hellip;]<\/p>\n","protected":false},"author":3,"featured_media":0,"comment_status":"open","ping_status":"open","sticky":false,"template":"","format":"standard","meta":{"_acf_changed":false,"footnotes":""},"categories":[11],"tags":[],"class_list":["post-814","post","type-post","status-publish","format-standard","hentry","category-hem"],"acf":[],"yoast_head":"<!-- This site is optimized with the Yoast SEO plugin v27.5 - https:\/\/yoast.com\/product\/yoast-seo-wordpress\/ -->\n<title>V\u00e5rens upplaga av &quot;P\u00e5 g\u00e5ng inom EU&quot; publicerad - SBHSS<\/title>\n<meta name=\"robots\" content=\"index, follow, max-snippet:-1, max-image-preview:large, max-video-preview:-1\" \/>\n<link rel=\"canonical\" href=\"https:\/\/www.sbhss.eu\/sv\/varens-upplaga-av-pa-gang-inom-eu-publicerad\/\" \/>\n<meta property=\"og:locale\" content=\"sv_SE\" \/>\n<meta property=\"og:type\" content=\"article\" \/>\n<meta property=\"og:title\" content=\"V\u00e5rens upplaga av &quot;P\u00e5 g\u00e5ng inom EU&quot; publicerad - SBHSS\" \/>\n<meta property=\"og:description\" content=\"&nbsp; Sveriges Kommuner och Landsting har nu publicerat v\u00e5rens upplaga av \u201dP\u00e5 g\u00e5ng i EU\u201d, en skrift som publiceras tv\u00e5 g\u00e5nger per \u00e5r och redog\u00f6r f\u00f6r aktuella EU-fr\u00e5gor som p\u00e5verkar Sveriges kommuner, landsting och regioner. Texterna \u00e4r skrivna av experter p\u00e5 SKL i samarbete med Internationella sektionen. &nbsp;Mer information om Sveriges Kommuner och Landstings arbete [&hellip;]\" \/>\n<meta property=\"og:url\" content=\"https:\/\/www.sbhss.eu\/sv\/varens-upplaga-av-pa-gang-inom-eu-publicerad\/\" \/>\n<meta property=\"og:site_name\" content=\"SBHSS\" \/>\n<meta property=\"article:published_time\" content=\"2018-01-17T10:18:03+00:00\" \/>\n<meta name=\"author\" content=\"Sven Kast\u00f6\" \/>\n<meta name=\"twitter:card\" content=\"summary_large_image\" \/>\n<meta name=\"twitter:label1\" content=\"Skriven av\" \/>\n\t<meta name=\"twitter:data1\" content=\"Sven Kast\u00f6\" \/>\n\t<meta name=\"twitter:label2\" content=\"Ber\u00e4knad l\u00e4stid\" \/>\n\t<meta name=\"twitter:data2\" content=\"2 minuter\" \/>\n<script type=\"application\/ld+json\" class=\"yoast-schema-graph\">{\"@context\":\"https:\\\/\\\/schema.org\",\"@graph\":[{\"@type\":\"Article\",\"@id\":\"https:\\\/\\\/www.sbhss.eu\\\/sv\\\/varens-upplaga-av-pa-gang-inom-eu-publicerad\\\/#article\",\"isPartOf\":{\"@id\":\"https:\\\/\\\/www.sbhss.eu\\\/sv\\\/varens-upplaga-av-pa-gang-inom-eu-publicerad\\\/\"},\"author\":{\"name\":\"Sven Kast\u00f6\",\"@id\":\"https:\\\/\\\/www.sbhss.eu\\\/#\\\/schema\\\/person\\\/b8d8eb4c1088a05ed50ecff9b2bf643f\"},\"headline\":\"V\u00e5rens upplaga av &#8221;P\u00e5 g\u00e5ng inom EU&#8221; publicerad\",\"datePublished\":\"2018-01-17T10:18:03+00:00\",\"mainEntityOfPage\":{\"@id\":\"https:\\\/\\\/www.sbhss.eu\\\/sv\\\/varens-upplaga-av-pa-gang-inom-eu-publicerad\\\/\"},\"wordCount\":320,\"commentCount\":0,\"articleSection\":[\"Hem - Startsidan\"],\"inLanguage\":\"sv-SE\"},{\"@type\":\"WebPage\",\"@id\":\"https:\\\/\\\/www.sbhss.eu\\\/sv\\\/varens-upplaga-av-pa-gang-inom-eu-publicerad\\\/\",\"url\":\"https:\\\/\\\/www.sbhss.eu\\\/sv\\\/varens-upplaga-av-pa-gang-inom-eu-publicerad\\\/\",\"name\":\"V\u00e5rens upplaga av \\\"P\u00e5 g\u00e5ng inom EU\\\" publicerad - SBHSS\",\"isPartOf\":{\"@id\":\"https:\\\/\\\/www.sbhss.eu\\\/#website\"},\"datePublished\":\"2018-01-17T10:18:03+00:00\",\"author\":{\"@id\":\"https:\\\/\\\/www.sbhss.eu\\\/#\\\/schema\\\/person\\\/b8d8eb4c1088a05ed50ecff9b2bf643f\"},\"breadcrumb\":{\"@id\":\"https:\\\/\\\/www.sbhss.eu\\\/sv\\\/varens-upplaga-av-pa-gang-inom-eu-publicerad\\\/#breadcrumb\"},\"inLanguage\":\"sv-SE\",\"potentialAction\":[{\"@type\":\"ReadAction\",\"target\":[\"https:\\\/\\\/www.sbhss.eu\\\/sv\\\/varens-upplaga-av-pa-gang-inom-eu-publicerad\\\/\"]}]},{\"@type\":\"BreadcrumbList\",\"@id\":\"https:\\\/\\\/www.sbhss.eu\\\/sv\\\/varens-upplaga-av-pa-gang-inom-eu-publicerad\\\/#breadcrumb\",\"itemListElement\":[{\"@type\":\"ListItem\",\"position\":1,\"name\":\"Hem\",\"item\":\"https:\\\/\\\/www.sbhss.eu\\\/sv\\\/\"},{\"@type\":\"ListItem\",\"position\":2,\"name\":\"V\u00e5rens upplaga av &#8220;P\u00e5 g\u00e5ng inom EU&#8221; publicerad\"}]},{\"@type\":\"WebSite\",\"@id\":\"https:\\\/\\\/www.sbhss.eu\\\/#website\",\"url\":\"https:\\\/\\\/www.sbhss.eu\\\/\",\"name\":\"SBHSS\",\"description\":\"\",\"potentialAction\":[{\"@type\":\"SearchAction\",\"target\":{\"@type\":\"EntryPoint\",\"urlTemplate\":\"https:\\\/\\\/www.sbhss.eu\\\/?s={search_term_string}\"},\"query-input\":{\"@type\":\"PropertyValueSpecification\",\"valueRequired\":true,\"valueName\":\"search_term_string\"}}],\"inLanguage\":\"sv-SE\"},{\"@type\":\"Person\",\"@id\":\"https:\\\/\\\/www.sbhss.eu\\\/#\\\/schema\\\/person\\\/b8d8eb4c1088a05ed50ecff9b2bf643f\",\"name\":\"Sven Kast\u00f6\",\"image\":{\"@type\":\"ImageObject\",\"inLanguage\":\"sv-SE\",\"@id\":\"https:\\\/\\\/secure.gravatar.com\\\/avatar\\\/4ce3985fbe5a36073e6a0cbba2acaad0da794332aeb9a944eca4c7548361a263?s=96&d=mm&r=g\",\"url\":\"https:\\\/\\\/secure.gravatar.com\\\/avatar\\\/4ce3985fbe5a36073e6a0cbba2acaad0da794332aeb9a944eca4c7548361a263?s=96&d=mm&r=g\",\"contentUrl\":\"https:\\\/\\\/secure.gravatar.com\\\/avatar\\\/4ce3985fbe5a36073e6a0cbba2acaad0da794332aeb9a944eca4c7548361a263?s=96&d=mm&r=g\",\"caption\":\"Sven Kast\u00f6\"},\"url\":\"https:\\\/\\\/www.sbhss.eu\\\/sv\\\/author\\\/sven-kastosbhss-eu\\\/\"}]}<\/script>\n<!-- \/ Yoast SEO plugin. -->","yoast_head_json":{"title":"V\u00e5rens upplaga av \"P\u00e5 g\u00e5ng inom EU\" publicerad - SBHSS","robots":{"index":"index","follow":"follow","max-snippet":"max-snippet:-1","max-image-preview":"max-image-preview:large","max-video-preview":"max-video-preview:-1"},"canonical":"https:\/\/www.sbhss.eu\/sv\/varens-upplaga-av-pa-gang-inom-eu-publicerad\/","og_locale":"sv_SE","og_type":"article","og_title":"V\u00e5rens upplaga av \"P\u00e5 g\u00e5ng inom EU\" publicerad - SBHSS","og_description":"&nbsp; Sveriges Kommuner och Landsting har nu publicerat v\u00e5rens upplaga av \u201dP\u00e5 g\u00e5ng i EU\u201d, en skrift som publiceras tv\u00e5 g\u00e5nger per \u00e5r och redog\u00f6r f\u00f6r aktuella EU-fr\u00e5gor som p\u00e5verkar Sveriges kommuner, landsting och regioner. Texterna \u00e4r skrivna av experter p\u00e5 SKL i samarbete med Internationella sektionen. &nbsp;Mer information om Sveriges Kommuner och Landstings arbete [&hellip;]","og_url":"https:\/\/www.sbhss.eu\/sv\/varens-upplaga-av-pa-gang-inom-eu-publicerad\/","og_site_name":"SBHSS","article_published_time":"2018-01-17T10:18:03+00:00","author":"Sven Kast\u00f6","twitter_card":"summary_large_image","twitter_misc":{"Skriven av":"Sven Kast\u00f6","Ber\u00e4knad l\u00e4stid":"2 minuter"},"schema":{"@context":"https:\/\/schema.org","@graph":[{"@type":"Article","@id":"https:\/\/www.sbhss.eu\/sv\/varens-upplaga-av-pa-gang-inom-eu-publicerad\/#article","isPartOf":{"@id":"https:\/\/www.sbhss.eu\/sv\/varens-upplaga-av-pa-gang-inom-eu-publicerad\/"},"author":{"name":"Sven Kast\u00f6","@id":"https:\/\/www.sbhss.eu\/#\/schema\/person\/b8d8eb4c1088a05ed50ecff9b2bf643f"},"headline":"V\u00e5rens upplaga av &#8221;P\u00e5 g\u00e5ng inom EU&#8221; publicerad","datePublished":"2018-01-17T10:18:03+00:00","mainEntityOfPage":{"@id":"https:\/\/www.sbhss.eu\/sv\/varens-upplaga-av-pa-gang-inom-eu-publicerad\/"},"wordCount":320,"commentCount":0,"articleSection":["Hem - Startsidan"],"inLanguage":"sv-SE"},{"@type":"WebPage","@id":"https:\/\/www.sbhss.eu\/sv\/varens-upplaga-av-pa-gang-inom-eu-publicerad\/","url":"https:\/\/www.sbhss.eu\/sv\/varens-upplaga-av-pa-gang-inom-eu-publicerad\/","name":"V\u00e5rens upplaga av \"P\u00e5 g\u00e5ng inom EU\" publicerad - SBHSS","isPartOf":{"@id":"https:\/\/www.sbhss.eu\/#website"},"datePublished":"2018-01-17T10:18:03+00:00","author":{"@id":"https:\/\/www.sbhss.eu\/#\/schema\/person\/b8d8eb4c1088a05ed50ecff9b2bf643f"},"breadcrumb":{"@id":"https:\/\/www.sbhss.eu\/sv\/varens-upplaga-av-pa-gang-inom-eu-publicerad\/#breadcrumb"},"inLanguage":"sv-SE","potentialAction":[{"@type":"ReadAction","target":["https:\/\/www.sbhss.eu\/sv\/varens-upplaga-av-pa-gang-inom-eu-publicerad\/"]}]},{"@type":"BreadcrumbList","@id":"https:\/\/www.sbhss.eu\/sv\/varens-upplaga-av-pa-gang-inom-eu-publicerad\/#breadcrumb","itemListElement":[{"@type":"ListItem","position":1,"name":"Hem","item":"https:\/\/www.sbhss.eu\/sv\/"},{"@type":"ListItem","position":2,"name":"V\u00e5rens upplaga av &#8220;P\u00e5 g\u00e5ng inom EU&#8221; publicerad"}]},{"@type":"WebSite","@id":"https:\/\/www.sbhss.eu\/#website","url":"https:\/\/www.sbhss.eu\/","name":"SBHSS","description":"","potentialAction":[{"@type":"SearchAction","target":{"@type":"EntryPoint","urlTemplate":"https:\/\/www.sbhss.eu\/?s={search_term_string}"},"query-input":{"@type":"PropertyValueSpecification","valueRequired":true,"valueName":"search_term_string"}}],"inLanguage":"sv-SE"},{"@type":"Person","@id":"https:\/\/www.sbhss.eu\/#\/schema\/person\/b8d8eb4c1088a05ed50ecff9b2bf643f","name":"Sven Kast\u00f6","image":{"@type":"ImageObject","inLanguage":"sv-SE","@id":"https:\/\/secure.gravatar.com\/avatar\/4ce3985fbe5a36073e6a0cbba2acaad0da794332aeb9a944eca4c7548361a263?s=96&d=mm&r=g","url":"https:\/\/secure.gravatar.com\/avatar\/4ce3985fbe5a36073e6a0cbba2acaad0da794332aeb9a944eca4c7548361a263?s=96&d=mm&r=g","contentUrl":"https:\/\/secure.gravatar.com\/avatar\/4ce3985fbe5a36073e6a0cbba2acaad0da794332aeb9a944eca4c7548361a263?s=96&d=mm&r=g","caption":"Sven Kast\u00f6"},"url":"https:\/\/www.sbhss.eu\/sv\/author\/sven-kastosbhss-eu\/"}]}},"_links":{"self":[{"href":"https:\/\/www.sbhss.eu\/sv\/wp-json\/wp\/v2\/posts\/814","targetHints":{"allow":["GET"]}}],"collection":[{"href":"https:\/\/www.sbhss.eu\/sv\/wp-json\/wp\/v2\/posts"}],"about":[{"href":"https:\/\/www.sbhss.eu\/sv\/wp-json\/wp\/v2\/types\/post"}],"author":[{"embeddable":true,"href":"https:\/\/www.sbhss.eu\/sv\/wp-json\/wp\/v2\/users\/3"}],"replies":[{"embeddable":true,"href":"https:\/\/www.sbhss.eu\/sv\/wp-json\/wp\/v2\/comments?post=814"}],"version-history":[{"count":0,"href":"https:\/\/www.sbhss.eu\/sv\/wp-json\/wp\/v2\/posts\/814\/revisions"}],"wp:attachment":[{"href":"https:\/\/www.sbhss.eu\/sv\/wp-json\/wp\/v2\/media?parent=814"}],"wp:term":[{"taxonomy":"category","embeddable":true,"href":"https:\/\/www.sbhss.eu\/sv\/wp-json\/wp\/v2\/categories?post=814"},{"taxonomy":"post_tag","embeddable":true,"href":"https:\/\/www.sbhss.eu\/sv\/wp-json\/wp\/v2\/tags?post=814"}],"curies":[{"name":"wp","href":"https:\/\/api.w.org\/{rel}","templated":true}]}}