{"id":846,"date":"2018-03-08T16:31:19","date_gmt":"2018-03-08T15:31:19","guid":{"rendered":"http:\/\/wp.sbhss.eu\/?p=846"},"modified":"2018-03-08T16:31:19","modified_gmt":"2018-03-08T15:31:19","slug":"aer-du-naesta-praktikant-pa-smaland-blekinge-hallands-brysselkontor","status":"publish","type":"post","link":"https:\/\/www.sbhss.eu\/sv\/aer-du-naesta-praktikant-pa-smaland-blekinge-hallands-brysselkontor\/","title":{"rendered":"\u00c4r du n\u00e4sta praktikant p\u00e5 Sm\u00e5land-Blekinge-Hallands Brysselkontor?"},"content":{"rendered":"<p style=\"text-align: left;\">Sm\u00e5land Blekinge Halland South Sweden erbjuder under h\u00f6stterminen 2018 en praktikplats p\u00e5 kontoret i Bryssel till studenter vid v\u00e5ra och andra l\u00e4ros\u00e4ten som <strong>en integrerad del av studieprogrammet<\/strong>. Arbetsuppgifterna kommer bland annat inneb\u00e4ra informationss\u00f6kning, nyhetsbevakning, sammanst\u00e4llning av rapporter, uppdatering av diverse informationsmaterial, mm. Genom deltagande i kontorets dagliga verksamhet och kontakter med kommissionen, parlamentet, r\u00e5det och andra regionkontor, ges en god f\u00f6rst\u00e5else f\u00f6r arbetet inom EU.<\/p>\n<p><!--more--><\/p>\n<p style=\"text-align: left;\"><img loading=\"lazy\" decoding=\"async\" class=\" alignleft size-full wp-image-648\" alt=\"\" class=\"pull-left\" src=\"https:\/\/www.sbhss.eu\/wp-content\/uploads\/2017\/03\/SBHSS-logo.jpg\" style=\"width: 304px; height: 156.93px; float: left;\" width=\"800\" height=\"413\" \/><img loading=\"lazy\" decoding=\"async\" class=\" alignleft size-full wp-image-232\" alt=\"\" src=\"https:\/\/www.sbhss.eu\/wp-content\/uploads\/2014\/10\/Namnls.jpg\" style=\"width: 231px; height: 169px; float: left;\" width=\"206\" height=\"169\" \/><img loading=\"lazy\" decoding=\"async\" class=\" alignleft size-full wp-image-522\" alt=\"\" src=\"https:\/\/www.sbhss.eu\/wp-content\/uploads\/2016\/10\/brysselflaggor.jpg\" style=\"width: 304px; height: 156.93px; float: left;\" width=\"440\" height=\"277\" \/><\/p>\n<p style=\"text-align: justify;\">&nbsp;&nbsp;<\/p>\n<p style=\"text-align: justify;\">Den s\u00f6kande har med f\u00f6rdel anknytning till regionen och \u00e4r i slutskedet av eller just ha avslutat universitets- eller h\u00f6gskolestudier p\u00e5 ett av l\u00e4ros\u00e4tena i regionen, inom omr\u00e5dena statsvetenskap, ekonomi, juridik eller annan relevant utbildning. Spr\u00e5kkunskaper (svenska och engelska, \u00f6vriga spr\u00e5k \u00e4r ett plus) och ett stort intresse f\u00f6r europeiska fr\u00e5gor \u00e4r ett m\u00e5ste. Goda IT-kunskaper \u00e4r ocks\u00e5 ett krav. Ett medborgarskap i n\u00e5gon av EU:s medlemsstater kr\u00e4vs, men vi str\u00e4var efter de kvaliteter som etnisk och kulturell m\u00e5ngfald tillf\u00f6r.<\/p>\n<p><strong>Praktiken som arrangeras av l\u00e4ros\u00e4tena<\/strong> \u00e4r oavl\u00f6nad, vilket f\u00f6ruts\u00e4tter egen finansiering, exempelvis genom studiemedel och eventuella stipendier. Bostad ordnar praktikanten sj\u00e4lv d\u00e5 utbudet \u00e4r stort. Brysselkontoret bidrar g\u00e4rna med tips.<\/p>\n<p>\u00c4r du intresserad \u00e4r du v\u00e4lkommen att&nbsp;skicka din ans\u00f6kan&nbsp;(personligt brev + CV) till Linda Reinholdsson, <a href=\"mailto:linda.reinholdsson@sbhss.eu\"><u><font color=\"#0066cc\">linda.reinholdsson@sbhss.eu<\/font><\/u><\/a> <strong>senast 20 april!<\/strong><\/p>\n<p>F\u00f6r mer information g\u00e5r det bra att h\u00f6ra av sig till Linda Reinholdsson&nbsp;p\u00e5 telefon +32&nbsp;492 45 48 92. Du \u00e4r dessutom v\u00e4lkommen att kontakta nuvarande praktikanter, <a href=\"mailto:emma.sandell@sbhss.eu\"><u><font color=\"#0066cc\">Emma Sandell<\/font><\/u><\/a> och <a href=\"mailto:simon.norman@sbhss.eu\"><u><font color=\"#0066cc\">Simon Norman<\/font><\/u><\/a>.<\/p>\n<p>&nbsp;<\/p>\n<p><img loading=\"lazy\" decoding=\"async\" class=\" alignleft size-full wp-image-845\" alt=\"\" class=\"pull-left\" src=\"https:\/\/www.sbhss.eu\/wp-content\/uploads\/2018\/03\/EP5.jpg\" style=\"width: 188px; height: 335px; float: left;\" width=\"720\" height=\"1280\" \/><em>Sm\u00e5land-Blekinge-Hallands Brysselkontor&nbsp;startades h\u00f6sten 2009&nbsp;av huvudm\u00e4nnen Region Blekinge, Regionf\u00f6rbundet i Kalmar l\u00e4n samt Region Kronoberg och Region J\u00f6nk\u00f6pings l\u00e4n. Regionf\u00f6rbunden \u00e4r politiskt styrda organisationer som arbetar med tillv\u00e4xt- och utvecklingsfr\u00e5gor i l\u00e4nen.&nbsp;De \u00e4r offentligt finansierade och m\u00e5lgrupperna \u00e4r offentliga akt\u00f6rer, n\u00e4ringslivet, ideell verksamhet och l\u00e4nsinv\u00e5narna. I Brysselsamarbetet deltar ocks\u00e5 l\u00e4ros\u00e4tena i respektive region: Blekinge Tekniska H\u00f6gskola (BTH), Linn\u00e9universitetet och J\u00f6nk\u00f6ping University. Sedan 2014 deltar l\u00e4nens landsting och sedan 2017 \u00e4ven Region Halland.<\/em><\/p>\n<p style=\"text-align: justify;\"><em>Kontoret&nbsp;\u00e4r strategiskt placerat i Nordic House tillsammans med ett flertal andra svenska regioner, stora&nbsp;svenska f\u00f6retag och organisationer till exempel Vinnova och det svenska konsulatet. De fr\u00e4msta uppgifterna f\u00f6r Brysselkontorets tre anst\u00e4llda \u00e4r att bevaka viktiga fr\u00e5gor f\u00f6r regionens utveckling och att marknadsf\u00f6ra regionerna i Bryssel. Det handlar ocks\u00e5 om kontaktskapande och att \u00f6verf\u00f6ra kunskaper till hemmaregionen. <\/em><\/p>\n","protected":false},"excerpt":{"rendered":"<p>Sm\u00e5land Blekinge Halland South Sweden erbjuder under h\u00f6stterminen 2018 en praktikplats p\u00e5 kontoret i Bryssel till studenter vid v\u00e5ra och andra l\u00e4ros\u00e4ten som en integrerad del av studieprogrammet. Arbetsuppgifterna kommer bland annat inneb\u00e4ra informationss\u00f6kning, nyhetsbevakning, sammanst\u00e4llning av rapporter, uppdatering av diverse informationsmaterial, mm. Genom deltagande i kontorets dagliga verksamhet och kontakter med kommissionen, parlamentet, r\u00e5det [&hellip;]<\/p>\n","protected":false},"author":3,"featured_media":648,"comment_status":"open","ping_status":"open","sticky":false,"template":"","format":"standard","meta":{"_acf_changed":false,"footnotes":""},"categories":[11],"tags":[],"class_list":["post-846","post","type-post","status-publish","format-standard","has-post-thumbnail","hentry","category-hem"],"acf":[],"yoast_head":"<!-- This site is optimized with the Yoast SEO plugin v27.5 - https:\/\/yoast.com\/product\/yoast-seo-wordpress\/ -->\n<title>\u00c4r du n\u00e4sta praktikant p\u00e5 Sm\u00e5land-Blekinge-Hallands Brysselkontor? - SBHSS<\/title>\n<meta name=\"robots\" content=\"index, follow, max-snippet:-1, max-image-preview:large, max-video-preview:-1\" \/>\n<link rel=\"canonical\" href=\"https:\/\/www.sbhss.eu\/sv\/aer-du-naesta-praktikant-pa-smaland-blekinge-hallands-brysselkontor\/\" \/>\n<meta property=\"og:locale\" content=\"sv_SE\" \/>\n<meta property=\"og:type\" content=\"article\" \/>\n<meta property=\"og:title\" content=\"\u00c4r du n\u00e4sta praktikant p\u00e5 Sm\u00e5land-Blekinge-Hallands Brysselkontor? - SBHSS\" \/>\n<meta property=\"og:description\" content=\"Sm\u00e5land Blekinge Halland South Sweden erbjuder under h\u00f6stterminen 2018 en praktikplats p\u00e5 kontoret i Bryssel till studenter vid v\u00e5ra och andra l\u00e4ros\u00e4ten som en integrerad del av studieprogrammet. Arbetsuppgifterna kommer bland annat inneb\u00e4ra informationss\u00f6kning, nyhetsbevakning, sammanst\u00e4llning av rapporter, uppdatering av diverse informationsmaterial, mm. Genom deltagande i kontorets dagliga verksamhet och kontakter med kommissionen, parlamentet, r\u00e5det [&hellip;]\" \/>\n<meta property=\"og:url\" content=\"https:\/\/www.sbhss.eu\/sv\/aer-du-naesta-praktikant-pa-smaland-blekinge-hallands-brysselkontor\/\" \/>\n<meta property=\"og:site_name\" content=\"SBHSS\" \/>\n<meta property=\"article:published_time\" content=\"2018-03-08T15:31:19+00:00\" \/>\n<meta name=\"author\" content=\"Sven Kast\u00f6\" \/>\n<meta name=\"twitter:card\" content=\"summary_large_image\" \/>\n<meta name=\"twitter:label1\" content=\"Skriven av\" \/>\n\t<meta name=\"twitter:data1\" content=\"Sven Kast\u00f6\" \/>\n\t<meta name=\"twitter:label2\" content=\"Ber\u00e4knad l\u00e4stid\" \/>\n\t<meta name=\"twitter:data2\" content=\"2 minuter\" \/>\n<script type=\"application\/ld+json\" class=\"yoast-schema-graph\">{\"@context\":\"https:\\\/\\\/schema.org\",\"@graph\":[{\"@type\":\"Article\",\"@id\":\"https:\\\/\\\/www.sbhss.eu\\\/sv\\\/aer-du-naesta-praktikant-pa-smaland-blekinge-hallands-brysselkontor\\\/#article\",\"isPartOf\":{\"@id\":\"https:\\\/\\\/www.sbhss.eu\\\/sv\\\/aer-du-naesta-praktikant-pa-smaland-blekinge-hallands-brysselkontor\\\/\"},\"author\":{\"name\":\"Sven Kast\u00f6\",\"@id\":\"https:\\\/\\\/www.sbhss.eu\\\/#\\\/schema\\\/person\\\/b8d8eb4c1088a05ed50ecff9b2bf643f\"},\"headline\":\"\u00c4r du n\u00e4sta praktikant p\u00e5 Sm\u00e5land-Blekinge-Hallands Brysselkontor?\",\"datePublished\":\"2018-03-08T15:31:19+00:00\",\"mainEntityOfPage\":{\"@id\":\"https:\\\/\\\/www.sbhss.eu\\\/sv\\\/aer-du-naesta-praktikant-pa-smaland-blekinge-hallands-brysselkontor\\\/\"},\"wordCount\":449,\"commentCount\":0,\"image\":{\"@id\":\"https:\\\/\\\/www.sbhss.eu\\\/sv\\\/aer-du-naesta-praktikant-pa-smaland-blekinge-hallands-brysselkontor\\\/#primaryimage\"},\"thumbnailUrl\":\"\",\"articleSection\":[\"Hem - Startsidan\"],\"inLanguage\":\"sv-SE\"},{\"@type\":\"WebPage\",\"@id\":\"https:\\\/\\\/www.sbhss.eu\\\/sv\\\/aer-du-naesta-praktikant-pa-smaland-blekinge-hallands-brysselkontor\\\/\",\"url\":\"https:\\\/\\\/www.sbhss.eu\\\/sv\\\/aer-du-naesta-praktikant-pa-smaland-blekinge-hallands-brysselkontor\\\/\",\"name\":\"\u00c4r du n\u00e4sta praktikant p\u00e5 Sm\u00e5land-Blekinge-Hallands Brysselkontor? - SBHSS\",\"isPartOf\":{\"@id\":\"https:\\\/\\\/www.sbhss.eu\\\/#website\"},\"primaryImageOfPage\":{\"@id\":\"https:\\\/\\\/www.sbhss.eu\\\/sv\\\/aer-du-naesta-praktikant-pa-smaland-blekinge-hallands-brysselkontor\\\/#primaryimage\"},\"image\":{\"@id\":\"https:\\\/\\\/www.sbhss.eu\\\/sv\\\/aer-du-naesta-praktikant-pa-smaland-blekinge-hallands-brysselkontor\\\/#primaryimage\"},\"thumbnailUrl\":\"\",\"datePublished\":\"2018-03-08T15:31:19+00:00\",\"author\":{\"@id\":\"https:\\\/\\\/www.sbhss.eu\\\/#\\\/schema\\\/person\\\/b8d8eb4c1088a05ed50ecff9b2bf643f\"},\"breadcrumb\":{\"@id\":\"https:\\\/\\\/www.sbhss.eu\\\/sv\\\/aer-du-naesta-praktikant-pa-smaland-blekinge-hallands-brysselkontor\\\/#breadcrumb\"},\"inLanguage\":\"sv-SE\",\"potentialAction\":[{\"@type\":\"ReadAction\",\"target\":[\"https:\\\/\\\/www.sbhss.eu\\\/sv\\\/aer-du-naesta-praktikant-pa-smaland-blekinge-hallands-brysselkontor\\\/\"]}]},{\"@type\":\"ImageObject\",\"inLanguage\":\"sv-SE\",\"@id\":\"https:\\\/\\\/www.sbhss.eu\\\/sv\\\/aer-du-naesta-praktikant-pa-smaland-blekinge-hallands-brysselkontor\\\/#primaryimage\",\"url\":\"\",\"contentUrl\":\"\"},{\"@type\":\"BreadcrumbList\",\"@id\":\"https:\\\/\\\/www.sbhss.eu\\\/sv\\\/aer-du-naesta-praktikant-pa-smaland-blekinge-hallands-brysselkontor\\\/#breadcrumb\",\"itemListElement\":[{\"@type\":\"ListItem\",\"position\":1,\"name\":\"Hem\",\"item\":\"https:\\\/\\\/www.sbhss.eu\\\/sv\\\/\"},{\"@type\":\"ListItem\",\"position\":2,\"name\":\"\u00c4r du n\u00e4sta praktikant p\u00e5 Sm\u00e5land-Blekinge-Hallands Brysselkontor?\"}]},{\"@type\":\"WebSite\",\"@id\":\"https:\\\/\\\/www.sbhss.eu\\\/#website\",\"url\":\"https:\\\/\\\/www.sbhss.eu\\\/\",\"name\":\"SBHSS\",\"description\":\"\",\"potentialAction\":[{\"@type\":\"SearchAction\",\"target\":{\"@type\":\"EntryPoint\",\"urlTemplate\":\"https:\\\/\\\/www.sbhss.eu\\\/?s={search_term_string}\"},\"query-input\":{\"@type\":\"PropertyValueSpecification\",\"valueRequired\":true,\"valueName\":\"search_term_string\"}}],\"inLanguage\":\"sv-SE\"},{\"@type\":\"Person\",\"@id\":\"https:\\\/\\\/www.sbhss.eu\\\/#\\\/schema\\\/person\\\/b8d8eb4c1088a05ed50ecff9b2bf643f\",\"name\":\"Sven Kast\u00f6\",\"image\":{\"@type\":\"ImageObject\",\"inLanguage\":\"sv-SE\",\"@id\":\"https:\\\/\\\/secure.gravatar.com\\\/avatar\\\/4ce3985fbe5a36073e6a0cbba2acaad0da794332aeb9a944eca4c7548361a263?s=96&d=mm&r=g\",\"url\":\"https:\\\/\\\/secure.gravatar.com\\\/avatar\\\/4ce3985fbe5a36073e6a0cbba2acaad0da794332aeb9a944eca4c7548361a263?s=96&d=mm&r=g\",\"contentUrl\":\"https:\\\/\\\/secure.gravatar.com\\\/avatar\\\/4ce3985fbe5a36073e6a0cbba2acaad0da794332aeb9a944eca4c7548361a263?s=96&d=mm&r=g\",\"caption\":\"Sven Kast\u00f6\"},\"url\":\"https:\\\/\\\/www.sbhss.eu\\\/sv\\\/author\\\/sven-kastosbhss-eu\\\/\"}]}<\/script>\n<!-- \/ Yoast SEO plugin. -->","yoast_head_json":{"title":"\u00c4r du n\u00e4sta praktikant p\u00e5 Sm\u00e5land-Blekinge-Hallands Brysselkontor? - SBHSS","robots":{"index":"index","follow":"follow","max-snippet":"max-snippet:-1","max-image-preview":"max-image-preview:large","max-video-preview":"max-video-preview:-1"},"canonical":"https:\/\/www.sbhss.eu\/sv\/aer-du-naesta-praktikant-pa-smaland-blekinge-hallands-brysselkontor\/","og_locale":"sv_SE","og_type":"article","og_title":"\u00c4r du n\u00e4sta praktikant p\u00e5 Sm\u00e5land-Blekinge-Hallands Brysselkontor? - SBHSS","og_description":"Sm\u00e5land Blekinge Halland South Sweden erbjuder under h\u00f6stterminen 2018 en praktikplats p\u00e5 kontoret i Bryssel till studenter vid v\u00e5ra och andra l\u00e4ros\u00e4ten som en integrerad del av studieprogrammet. Arbetsuppgifterna kommer bland annat inneb\u00e4ra informationss\u00f6kning, nyhetsbevakning, sammanst\u00e4llning av rapporter, uppdatering av diverse informationsmaterial, mm. Genom deltagande i kontorets dagliga verksamhet och kontakter med kommissionen, parlamentet, r\u00e5det [&hellip;]","og_url":"https:\/\/www.sbhss.eu\/sv\/aer-du-naesta-praktikant-pa-smaland-blekinge-hallands-brysselkontor\/","og_site_name":"SBHSS","article_published_time":"2018-03-08T15:31:19+00:00","author":"Sven Kast\u00f6","twitter_card":"summary_large_image","twitter_misc":{"Skriven av":"Sven Kast\u00f6","Ber\u00e4knad l\u00e4stid":"2 minuter"},"schema":{"@context":"https:\/\/schema.org","@graph":[{"@type":"Article","@id":"https:\/\/www.sbhss.eu\/sv\/aer-du-naesta-praktikant-pa-smaland-blekinge-hallands-brysselkontor\/#article","isPartOf":{"@id":"https:\/\/www.sbhss.eu\/sv\/aer-du-naesta-praktikant-pa-smaland-blekinge-hallands-brysselkontor\/"},"author":{"name":"Sven Kast\u00f6","@id":"https:\/\/www.sbhss.eu\/#\/schema\/person\/b8d8eb4c1088a05ed50ecff9b2bf643f"},"headline":"\u00c4r du n\u00e4sta praktikant p\u00e5 Sm\u00e5land-Blekinge-Hallands Brysselkontor?","datePublished":"2018-03-08T15:31:19+00:00","mainEntityOfPage":{"@id":"https:\/\/www.sbhss.eu\/sv\/aer-du-naesta-praktikant-pa-smaland-blekinge-hallands-brysselkontor\/"},"wordCount":449,"commentCount":0,"image":{"@id":"https:\/\/www.sbhss.eu\/sv\/aer-du-naesta-praktikant-pa-smaland-blekinge-hallands-brysselkontor\/#primaryimage"},"thumbnailUrl":"","articleSection":["Hem - Startsidan"],"inLanguage":"sv-SE"},{"@type":"WebPage","@id":"https:\/\/www.sbhss.eu\/sv\/aer-du-naesta-praktikant-pa-smaland-blekinge-hallands-brysselkontor\/","url":"https:\/\/www.sbhss.eu\/sv\/aer-du-naesta-praktikant-pa-smaland-blekinge-hallands-brysselkontor\/","name":"\u00c4r du n\u00e4sta praktikant p\u00e5 Sm\u00e5land-Blekinge-Hallands Brysselkontor? - SBHSS","isPartOf":{"@id":"https:\/\/www.sbhss.eu\/#website"},"primaryImageOfPage":{"@id":"https:\/\/www.sbhss.eu\/sv\/aer-du-naesta-praktikant-pa-smaland-blekinge-hallands-brysselkontor\/#primaryimage"},"image":{"@id":"https:\/\/www.sbhss.eu\/sv\/aer-du-naesta-praktikant-pa-smaland-blekinge-hallands-brysselkontor\/#primaryimage"},"thumbnailUrl":"","datePublished":"2018-03-08T15:31:19+00:00","author":{"@id":"https:\/\/www.sbhss.eu\/#\/schema\/person\/b8d8eb4c1088a05ed50ecff9b2bf643f"},"breadcrumb":{"@id":"https:\/\/www.sbhss.eu\/sv\/aer-du-naesta-praktikant-pa-smaland-blekinge-hallands-brysselkontor\/#breadcrumb"},"inLanguage":"sv-SE","potentialAction":[{"@type":"ReadAction","target":["https:\/\/www.sbhss.eu\/sv\/aer-du-naesta-praktikant-pa-smaland-blekinge-hallands-brysselkontor\/"]}]},{"@type":"ImageObject","inLanguage":"sv-SE","@id":"https:\/\/www.sbhss.eu\/sv\/aer-du-naesta-praktikant-pa-smaland-blekinge-hallands-brysselkontor\/#primaryimage","url":"","contentUrl":""},{"@type":"BreadcrumbList","@id":"https:\/\/www.sbhss.eu\/sv\/aer-du-naesta-praktikant-pa-smaland-blekinge-hallands-brysselkontor\/#breadcrumb","itemListElement":[{"@type":"ListItem","position":1,"name":"Hem","item":"https:\/\/www.sbhss.eu\/sv\/"},{"@type":"ListItem","position":2,"name":"\u00c4r du n\u00e4sta praktikant p\u00e5 Sm\u00e5land-Blekinge-Hallands Brysselkontor?"}]},{"@type":"WebSite","@id":"https:\/\/www.sbhss.eu\/#website","url":"https:\/\/www.sbhss.eu\/","name":"SBHSS","description":"","potentialAction":[{"@type":"SearchAction","target":{"@type":"EntryPoint","urlTemplate":"https:\/\/www.sbhss.eu\/?s={search_term_string}"},"query-input":{"@type":"PropertyValueSpecification","valueRequired":true,"valueName":"search_term_string"}}],"inLanguage":"sv-SE"},{"@type":"Person","@id":"https:\/\/www.sbhss.eu\/#\/schema\/person\/b8d8eb4c1088a05ed50ecff9b2bf643f","name":"Sven Kast\u00f6","image":{"@type":"ImageObject","inLanguage":"sv-SE","@id":"https:\/\/secure.gravatar.com\/avatar\/4ce3985fbe5a36073e6a0cbba2acaad0da794332aeb9a944eca4c7548361a263?s=96&d=mm&r=g","url":"https:\/\/secure.gravatar.com\/avatar\/4ce3985fbe5a36073e6a0cbba2acaad0da794332aeb9a944eca4c7548361a263?s=96&d=mm&r=g","contentUrl":"https:\/\/secure.gravatar.com\/avatar\/4ce3985fbe5a36073e6a0cbba2acaad0da794332aeb9a944eca4c7548361a263?s=96&d=mm&r=g","caption":"Sven Kast\u00f6"},"url":"https:\/\/www.sbhss.eu\/sv\/author\/sven-kastosbhss-eu\/"}]}},"_links":{"self":[{"href":"https:\/\/www.sbhss.eu\/sv\/wp-json\/wp\/v2\/posts\/846","targetHints":{"allow":["GET"]}}],"collection":[{"href":"https:\/\/www.sbhss.eu\/sv\/wp-json\/wp\/v2\/posts"}],"about":[{"href":"https:\/\/www.sbhss.eu\/sv\/wp-json\/wp\/v2\/types\/post"}],"author":[{"embeddable":true,"href":"https:\/\/www.sbhss.eu\/sv\/wp-json\/wp\/v2\/users\/3"}],"replies":[{"embeddable":true,"href":"https:\/\/www.sbhss.eu\/sv\/wp-json\/wp\/v2\/comments?post=846"}],"version-history":[{"count":0,"href":"https:\/\/www.sbhss.eu\/sv\/wp-json\/wp\/v2\/posts\/846\/revisions"}],"wp:featuredmedia":[{"embeddable":true,"href":"https:\/\/www.sbhss.eu\/sv\/wp-json\/"}],"wp:attachment":[{"href":"https:\/\/www.sbhss.eu\/sv\/wp-json\/wp\/v2\/media?parent=846"}],"wp:term":[{"taxonomy":"category","embeddable":true,"href":"https:\/\/www.sbhss.eu\/sv\/wp-json\/wp\/v2\/categories?post=846"},{"taxonomy":"post_tag","embeddable":true,"href":"https:\/\/www.sbhss.eu\/sv\/wp-json\/wp\/v2\/tags?post=846"}],"curies":[{"name":"wp","href":"https:\/\/api.w.org\/{rel}","templated":true}]}}