{"id":849,"date":"2018-03-16T15:02:36","date_gmt":"2018-03-16T14:02:36","guid":{"rendered":"http:\/\/wp.sbhss.eu\/?p=849"},"modified":"2018-03-16T15:02:36","modified_gmt":"2018-03-16T14:02:36","slug":"uppdatering-om-eu-s-nya-prioritering-foersvar-och-saekerhet","status":"publish","type":"post","link":"https:\/\/www.sbhss.eu\/sv\/uppdatering-om-eu-s-nya-prioritering-foersvar-och-saekerhet\/","title":{"rendered":"Uppdatering om EU:s nya prioritering \u2013 f\u00f6rsvar och s\u00e4kerhet"},"content":{"rendered":"<p style=\"margin: 0cm 0cm 8pt;\">Det blir allt st\u00f6rre fokus p\u00e5 f\u00f6rsvar och s\u00e4kerhet inom EU, detta \u00e4r tydligt inte minst genom EU:s nya prioriteringar f\u00f6r perioden efter 2020. F\u00f6r att f\u00e5 ta del av den senaste informationen som relaterar till forskning och s\u00e4kerhet deltog Brysselkontoret p\u00e5 ett seminarium den 8 mars d\u00e4r flera deltagare presenterade EU:s nuvarande f\u00f6rsvarspolitik och m\u00f6jligheter till finansiering. EU:s medel \u00e4r inte endast intressant f\u00f6r f\u00f6rsvarsindustrin, utan \u00e4ven f\u00f6r andra intressenter som l\u00e4ros\u00e4ten, kluster, regioner, offentliga myndigheter eller f\u00f6retag.<\/p>\n<p><!--more--><\/p>\n<p style=\"text-align: justify;\"><strong>F\u00f6rsvarspolitiken prioriteras<\/strong>&nbsp; &nbsp;<\/p>\n<p style=\"text-align: justify;\">EU:s f\u00f6rsvarspolitik \u00e4r ett hett \u00e4mne i Bryssel, det har inte g\u00e5tt n\u00e5gon under stolen att f\u00f6rsvarspolitiken har f\u00e5tt ett mycket st\u00f6rre fokus \u00e4n tidigare i den offentliga debatten, b\u00e5de nationellt men ocks\u00e5 p\u00e5 EU-niv\u00e5. &nbsp;<\/p>\n<p style=\"text-align: justify;\">\u201d<em>Through the European Union, we can support Member States in developing military capabilities and investing more efficiently in defence. We have come a long way in less than one year and we are determined to keep this pace.\u201d \u2013 Federica Mogherini<\/em><\/p>\n<p style=\"text-align: justify;\"><a href=\"http:\/\/sbhss.eu\/792-nya-moejligheter-foer-foersvarsrelaterad-industri-europeiska-foersvarsfonden\"><u>Som vi har skrivit om i tidigare artikel<\/u><\/a> lanserade EU-kommissionen en europeisk f\u00f6rsvarsfond den 7 juni 2017. Syftet med fonden var att st\u00e4rka det europeiska f\u00f6rsvarsarbetet, i form av utveckling och ink\u00f6p samt tillskjuta medel f\u00f6r forskning inom f\u00f6rsvar och s\u00e4kerhet. Merv\u00e4rdet av fonden skulle komma ifr\u00e5n att effektivisera anv\u00e4ndningen av skattebetalares pengar genom att minska \u00f6verlappningen p\u00e5 de nationella f\u00f6rsvarsbudgeterna. F\u00f6r v\u00e5ra regioner betyder det h\u00e4r att det finns nya m\u00f6jligheter till att finansiera projekt inom forskning som relaterar till f\u00f6rsvar och s\u00e4kerhet. Ytterligare merv\u00e4rde ligger i att m\u00e5nga av Europas f\u00f6rsvarsorienterade f\u00f6retag \u00e4r sm\u00e5 eller medelstora, satsningar kan bidra till ekonomisk tillv\u00e4xt, arbetstillf\u00e4llen samt f\u00e5 spridningseffekter inom andra sektorer. \u00c4ven detta kan vara av intresse kopplat till v\u00e5rt regionala n\u00e4ringsliv.<\/p>\n<p style=\"text-align: justify;\">I dagsl\u00e4get finns finansiering tillg\u00e4ngligt via bl.a. \u201dPreparatory Action on Defence Research (PADR)\u201d. Initiativet PADR \u00e4r ett f\u00f6rberedande initiativ som drivs mellan 2017 \u2013 2019 med en budget p\u00e5 cirka 90 miljoner euro, dedikerat till forskning och innovation inom ramen f\u00f6r f\u00f6rsvar och s\u00e4kerhet. Se nedan f\u00f6r de 3 prioriterade m\u00e5len med PADR:<\/p>\n<p style=\"text-align: justify; margin-left: 36pt;\">\u00b7&nbsp;&nbsp;&nbsp;&nbsp;&nbsp;&nbsp;&nbsp;&nbsp; Demonstrera och utv\u00e4rdera det europeiska merv\u00e4rdet av forskning och innovation inom f\u00f6rsvar och s\u00e4kerhet.<\/p>\n<p style=\"text-align: justify; margin-left: 36pt;\">\u00b7&nbsp;&nbsp;&nbsp;&nbsp;&nbsp;&nbsp;&nbsp;&nbsp; Resultaten b\u00f6r bidra till mer samarbete mellan medlemsl\u00e4nder samt europeisk f\u00f6rsvarsindustri.<\/p>\n<p style=\"text-align: justify; margin-left: 36pt;\">\u00b7&nbsp;&nbsp;&nbsp;&nbsp;&nbsp;&nbsp;&nbsp;&nbsp; F\u00f6rberedande akt f\u00f6r att lansera en betydligt st\u00f6rre satsning 2021 och fram\u00e5t.<\/p>\n<p style=\"text-align: justify;\"><a href=\"https:\/\/ec.europa.eu\/growth\/content\/preparatory-action-defence-research-description-2018-topics_en\"><u>Mer information om PADR och teman f\u00f6r Calls 2018 hittar ni h\u00e4r.<\/u><\/a> Obs.<img loading=\"lazy\" decoding=\"async\" class=\" size-full wp-image-848\" alt=\"\" class=\"pull-right\" src=\"https:\/\/www.sbhss.eu\/wp-content\/uploads\/2018\/03\/Prioriteringar.PNG\" width=\"219\" height=\"469\" \/> att mer information om \u00f6ppna calls kommer att publiceras p\u00e5 PADR:s hemsida i slutet av mars 2018.<\/p>\n<p style=\"text-align: justify;\"><strong>Mer pengar till European Defence Fund<\/strong><\/p>\n<p style=\"text-align: justify;\">Under seminariet den 8 mars hintade kommissionen om hur den kommande finansieringen troligtvis kommer att se ut. Enligt kommissionens f\u00f6rslag kommer betydligt mer medel att tillskjutas forskning och innovation men \u00e4ven utveckling och ink\u00f6p (de tv\u00e5 delarna av den europeiska f\u00f6rsvarsfonden). Kommissionen r\u00e4knar med att efter 2020 kommer forskningsdelen ligga p\u00e5 cirka 500 miljoner euro per \u00e5r (j\u00e4mf\u00f6rt med dagens 90 miljoner fram till 2019) och utveckling och ink\u00f6p 1 miljard euro per \u00e5r. Skillnaden mellan forskning och innovationsdelen och utveckling och ink\u00f6p \u00e4r fr\u00e4mst att forskningsdelen baseras p\u00e5 grants (upp till 100 %) och utveckling och ink\u00f6p medfinansieras av medlemsstaterna (80 %).<\/p>\n<p style=\"text-align: justify;\"><strong>St\u00f6d f\u00f6r att s\u00f6ka medel<\/strong><\/p>\n<p style=\"text-align: justify;\">Finansiering till s\u00e4kerhetsorienterad forskning finns inom flera fonder ex. COSME och Horizon 2020. European Defence Agency (EDA) tagit fram ett verktyg vars syfte \u00e4r att g\u00f6ra det l\u00e4ttare att orientera sig bland fonderna n\u00e4r man s\u00f6ker medel, verktyget g\u00e5r under namnet <a href=\"https:\/\/eda.europa.eu\/eufunding\"><u>\u201dEuropean Funding Gateway\u201d<\/u><\/a>. Kommissionen uppmanar \u00e4ven alla intressenter att anv\u00e4nda de resurser som finns tillg\u00e4ngliga via EU om man beh\u00f6ver hj\u00e4lp med sin ans\u00f6kan eller har fr\u00e5gor om tillg\u00e4nglig finansiering, <a href=\"https:\/\/een.ec.europa.eu\/\"><u>Enterprise Europe Network \u00e4r ett s\u00e5dant hj\u00e4lpmedel<\/u><\/a>.<\/p>\n<p style=\"text-align: justify;\">Under seminariet presenterades \u00e4ven f\u00f6rsvars och <a href=\"https:\/\/censec.dk\/en\/\"><u>s\u00e4kerhetsklustret CenSec<\/u><\/a> (Center for Defence, Space &amp; Security). CenSec som bl.a. inriktar sig p\u00e5 marinindustri, cybers\u00e4kerhet samt f\u00f6rsvar och s\u00e4kerhet. Vi vill \u00e4ven passa p\u00e5 att informera om n\u00e4tverket \u201d<a href=\"https:\/\/www.endr.eu\/\"><u>European Network of Defence-Related Regions<\/u><\/a>\u201d (ENDR). N\u00e4tverket arbetar med att samla kluster, regioner och f\u00f6retag f\u00f6r att dela erfarenheter och goda exempel p\u00e5 hur man kan anv\u00e4nda teknik inom dubbla anv\u00e4ndningsomr\u00e5den (f\u00f6rsvar och civilsamh\u00e4llet).<\/p>\n<p style=\"text-align: justify;\">Med tanke p\u00e5 att det troligtvis kommer att sk\u00e4ras ned p\u00e5 sammanh\u00e5llningspolitiken kan det vara dags att b\u00f6rja reflektera \u00f6ver hur ett \u00f6kat s\u00e4kerhet och f\u00f6rsvarsfokus p\u00e5verkar v\u00e5ra m\u00f6jligheter att finansiera regional utveckling. Vilken sorts finansiering som kommer att vara tillg\u00e4nglig f\u00f6r v\u00e5ra regioner i framtiden? Hur skulle vi kunna anv\u00e4nda EDF i framtiden i avsaknad av andra medel? Kan det bli relevant att motivera utvecklingsinsatser ur ett s\u00e4kerhets- och f\u00f6rsvarsperspektiv? H\u00e4r kan man fundera kring om EDF vissa fall kan anv\u00e4ndas ist\u00e4llet f\u00f6r strukturfonder f\u00f6r att fr\u00e4mja SMEs konkurrenskraft, eller om infrastruktur skulle kunna motiveras utifr\u00e5n att de \u00e4r viktiga ur s\u00e4kerhetsperspektiv. Observera att detta i dagsl\u00e4get \u00e4r detta endast spekulationer, men n\u00e5got som \u00e4r tydligt fr\u00e5n medlemsstaterna \u00e4r att f\u00f6rsvar och s\u00e4kerhet kommer f\u00e5 en st\u00f6rre bit av budgetkakan \u00e4n tidigare och d\u00e5 kan det vara relevant f\u00f6r Sm\u00e5land-Blekinge-Halland att reflektera \u00f6ver om och hur dessa kan nyttjas \u00e4ven f\u00f6r regional utveckling och tillv\u00e4xt.<\/p>\n<p>&nbsp;<\/p>\n<p>&nbsp;<\/p>\n<p>&nbsp;<\/p>\n","protected":false},"excerpt":{"rendered":"<p>Det blir allt st\u00f6rre fokus p\u00e5 f\u00f6rsvar och s\u00e4kerhet inom EU, detta \u00e4r tydligt inte minst genom EU:s nya prioriteringar f\u00f6r perioden efter 2020. F\u00f6r att f\u00e5 ta del av den senaste informationen som relaterar till forskning och s\u00e4kerhet deltog Brysselkontoret p\u00e5 ett seminarium den 8 mars d\u00e4r flera deltagare presenterade EU:s nuvarande f\u00f6rsvarspolitik och [&hellip;]<\/p>\n","protected":false},"author":3,"featured_media":848,"comment_status":"open","ping_status":"open","sticky":false,"template":"","format":"standard","meta":{"_acf_changed":false,"footnotes":""},"categories":[11],"tags":[],"class_list":["post-849","post","type-post","status-publish","format-standard","has-post-thumbnail","hentry","category-hem"],"acf":[],"yoast_head":"<!-- This site is optimized with the Yoast SEO plugin v27.5 - https:\/\/yoast.com\/product\/yoast-seo-wordpress\/ -->\n<title>Uppdatering om EU:s nya prioritering \u2013 f\u00f6rsvar och s\u00e4kerhet - SBHSS<\/title>\n<meta name=\"robots\" content=\"index, follow, max-snippet:-1, max-image-preview:large, max-video-preview:-1\" \/>\n<link rel=\"canonical\" href=\"https:\/\/www.sbhss.eu\/sv\/uppdatering-om-eu-s-nya-prioritering-foersvar-och-saekerhet\/\" \/>\n<meta property=\"og:locale\" content=\"sv_SE\" \/>\n<meta property=\"og:type\" content=\"article\" \/>\n<meta property=\"og:title\" content=\"Uppdatering om EU:s nya prioritering \u2013 f\u00f6rsvar och s\u00e4kerhet - SBHSS\" \/>\n<meta property=\"og:description\" content=\"Det blir allt st\u00f6rre fokus p\u00e5 f\u00f6rsvar och s\u00e4kerhet inom EU, detta \u00e4r tydligt inte minst genom EU:s nya prioriteringar f\u00f6r perioden efter 2020. F\u00f6r att f\u00e5 ta del av den senaste informationen som relaterar till forskning och s\u00e4kerhet deltog Brysselkontoret p\u00e5 ett seminarium den 8 mars d\u00e4r flera deltagare presenterade EU:s nuvarande f\u00f6rsvarspolitik och [&hellip;]\" \/>\n<meta property=\"og:url\" content=\"https:\/\/www.sbhss.eu\/sv\/uppdatering-om-eu-s-nya-prioritering-foersvar-och-saekerhet\/\" \/>\n<meta property=\"og:site_name\" content=\"SBHSS\" \/>\n<meta property=\"article:published_time\" content=\"2018-03-16T14:02:36+00:00\" \/>\n<meta name=\"author\" content=\"Sven Kast\u00f6\" \/>\n<meta name=\"twitter:card\" content=\"summary_large_image\" \/>\n<meta name=\"twitter:label1\" content=\"Skriven av\" \/>\n\t<meta name=\"twitter:data1\" content=\"Sven Kast\u00f6\" \/>\n\t<meta name=\"twitter:label2\" content=\"Ber\u00e4knad l\u00e4stid\" \/>\n\t<meta name=\"twitter:data2\" content=\"5 minuter\" \/>\n<script type=\"application\/ld+json\" class=\"yoast-schema-graph\">{\"@context\":\"https:\\\/\\\/schema.org\",\"@graph\":[{\"@type\":\"Article\",\"@id\":\"https:\\\/\\\/www.sbhss.eu\\\/sv\\\/uppdatering-om-eu-s-nya-prioritering-foersvar-och-saekerhet\\\/#article\",\"isPartOf\":{\"@id\":\"https:\\\/\\\/www.sbhss.eu\\\/sv\\\/uppdatering-om-eu-s-nya-prioritering-foersvar-och-saekerhet\\\/\"},\"author\":{\"name\":\"Sven Kast\u00f6\",\"@id\":\"https:\\\/\\\/www.sbhss.eu\\\/#\\\/schema\\\/person\\\/b8d8eb4c1088a05ed50ecff9b2bf643f\"},\"headline\":\"Uppdatering om EU:s nya prioritering \u2013 f\u00f6rsvar och s\u00e4kerhet\",\"datePublished\":\"2018-03-16T14:02:36+00:00\",\"mainEntityOfPage\":{\"@id\":\"https:\\\/\\\/www.sbhss.eu\\\/sv\\\/uppdatering-om-eu-s-nya-prioritering-foersvar-och-saekerhet\\\/\"},\"wordCount\":983,\"commentCount\":0,\"image\":{\"@id\":\"https:\\\/\\\/www.sbhss.eu\\\/sv\\\/uppdatering-om-eu-s-nya-prioritering-foersvar-och-saekerhet\\\/#primaryimage\"},\"thumbnailUrl\":\"\",\"articleSection\":[\"Hem - Startsidan\"],\"inLanguage\":\"sv-SE\"},{\"@type\":\"WebPage\",\"@id\":\"https:\\\/\\\/www.sbhss.eu\\\/sv\\\/uppdatering-om-eu-s-nya-prioritering-foersvar-och-saekerhet\\\/\",\"url\":\"https:\\\/\\\/www.sbhss.eu\\\/sv\\\/uppdatering-om-eu-s-nya-prioritering-foersvar-och-saekerhet\\\/\",\"name\":\"Uppdatering om EU:s nya prioritering \u2013 f\u00f6rsvar och s\u00e4kerhet - SBHSS\",\"isPartOf\":{\"@id\":\"https:\\\/\\\/www.sbhss.eu\\\/#website\"},\"primaryImageOfPage\":{\"@id\":\"https:\\\/\\\/www.sbhss.eu\\\/sv\\\/uppdatering-om-eu-s-nya-prioritering-foersvar-och-saekerhet\\\/#primaryimage\"},\"image\":{\"@id\":\"https:\\\/\\\/www.sbhss.eu\\\/sv\\\/uppdatering-om-eu-s-nya-prioritering-foersvar-och-saekerhet\\\/#primaryimage\"},\"thumbnailUrl\":\"\",\"datePublished\":\"2018-03-16T14:02:36+00:00\",\"author\":{\"@id\":\"https:\\\/\\\/www.sbhss.eu\\\/#\\\/schema\\\/person\\\/b8d8eb4c1088a05ed50ecff9b2bf643f\"},\"breadcrumb\":{\"@id\":\"https:\\\/\\\/www.sbhss.eu\\\/sv\\\/uppdatering-om-eu-s-nya-prioritering-foersvar-och-saekerhet\\\/#breadcrumb\"},\"inLanguage\":\"sv-SE\",\"potentialAction\":[{\"@type\":\"ReadAction\",\"target\":[\"https:\\\/\\\/www.sbhss.eu\\\/sv\\\/uppdatering-om-eu-s-nya-prioritering-foersvar-och-saekerhet\\\/\"]}]},{\"@type\":\"ImageObject\",\"inLanguage\":\"sv-SE\",\"@id\":\"https:\\\/\\\/www.sbhss.eu\\\/sv\\\/uppdatering-om-eu-s-nya-prioritering-foersvar-och-saekerhet\\\/#primaryimage\",\"url\":\"\",\"contentUrl\":\"\"},{\"@type\":\"BreadcrumbList\",\"@id\":\"https:\\\/\\\/www.sbhss.eu\\\/sv\\\/uppdatering-om-eu-s-nya-prioritering-foersvar-och-saekerhet\\\/#breadcrumb\",\"itemListElement\":[{\"@type\":\"ListItem\",\"position\":1,\"name\":\"Hem\",\"item\":\"https:\\\/\\\/www.sbhss.eu\\\/sv\\\/\"},{\"@type\":\"ListItem\",\"position\":2,\"name\":\"Uppdatering om EU:s nya prioritering \u2013 f\u00f6rsvar och s\u00e4kerhet\"}]},{\"@type\":\"WebSite\",\"@id\":\"https:\\\/\\\/www.sbhss.eu\\\/#website\",\"url\":\"https:\\\/\\\/www.sbhss.eu\\\/\",\"name\":\"SBHSS\",\"description\":\"\",\"potentialAction\":[{\"@type\":\"SearchAction\",\"target\":{\"@type\":\"EntryPoint\",\"urlTemplate\":\"https:\\\/\\\/www.sbhss.eu\\\/?s={search_term_string}\"},\"query-input\":{\"@type\":\"PropertyValueSpecification\",\"valueRequired\":true,\"valueName\":\"search_term_string\"}}],\"inLanguage\":\"sv-SE\"},{\"@type\":\"Person\",\"@id\":\"https:\\\/\\\/www.sbhss.eu\\\/#\\\/schema\\\/person\\\/b8d8eb4c1088a05ed50ecff9b2bf643f\",\"name\":\"Sven Kast\u00f6\",\"image\":{\"@type\":\"ImageObject\",\"inLanguage\":\"sv-SE\",\"@id\":\"https:\\\/\\\/secure.gravatar.com\\\/avatar\\\/4ce3985fbe5a36073e6a0cbba2acaad0da794332aeb9a944eca4c7548361a263?s=96&d=mm&r=g\",\"url\":\"https:\\\/\\\/secure.gravatar.com\\\/avatar\\\/4ce3985fbe5a36073e6a0cbba2acaad0da794332aeb9a944eca4c7548361a263?s=96&d=mm&r=g\",\"contentUrl\":\"https:\\\/\\\/secure.gravatar.com\\\/avatar\\\/4ce3985fbe5a36073e6a0cbba2acaad0da794332aeb9a944eca4c7548361a263?s=96&d=mm&r=g\",\"caption\":\"Sven Kast\u00f6\"},\"url\":\"https:\\\/\\\/www.sbhss.eu\\\/sv\\\/author\\\/sven-kastosbhss-eu\\\/\"}]}<\/script>\n<!-- \/ Yoast SEO plugin. -->","yoast_head_json":{"title":"Uppdatering om EU:s nya prioritering \u2013 f\u00f6rsvar och s\u00e4kerhet - SBHSS","robots":{"index":"index","follow":"follow","max-snippet":"max-snippet:-1","max-image-preview":"max-image-preview:large","max-video-preview":"max-video-preview:-1"},"canonical":"https:\/\/www.sbhss.eu\/sv\/uppdatering-om-eu-s-nya-prioritering-foersvar-och-saekerhet\/","og_locale":"sv_SE","og_type":"article","og_title":"Uppdatering om EU:s nya prioritering \u2013 f\u00f6rsvar och s\u00e4kerhet - SBHSS","og_description":"Det blir allt st\u00f6rre fokus p\u00e5 f\u00f6rsvar och s\u00e4kerhet inom EU, detta \u00e4r tydligt inte minst genom EU:s nya prioriteringar f\u00f6r perioden efter 2020. F\u00f6r att f\u00e5 ta del av den senaste informationen som relaterar till forskning och s\u00e4kerhet deltog Brysselkontoret p\u00e5 ett seminarium den 8 mars d\u00e4r flera deltagare presenterade EU:s nuvarande f\u00f6rsvarspolitik och [&hellip;]","og_url":"https:\/\/www.sbhss.eu\/sv\/uppdatering-om-eu-s-nya-prioritering-foersvar-och-saekerhet\/","og_site_name":"SBHSS","article_published_time":"2018-03-16T14:02:36+00:00","author":"Sven Kast\u00f6","twitter_card":"summary_large_image","twitter_misc":{"Skriven av":"Sven Kast\u00f6","Ber\u00e4knad l\u00e4stid":"5 minuter"},"schema":{"@context":"https:\/\/schema.org","@graph":[{"@type":"Article","@id":"https:\/\/www.sbhss.eu\/sv\/uppdatering-om-eu-s-nya-prioritering-foersvar-och-saekerhet\/#article","isPartOf":{"@id":"https:\/\/www.sbhss.eu\/sv\/uppdatering-om-eu-s-nya-prioritering-foersvar-och-saekerhet\/"},"author":{"name":"Sven Kast\u00f6","@id":"https:\/\/www.sbhss.eu\/#\/schema\/person\/b8d8eb4c1088a05ed50ecff9b2bf643f"},"headline":"Uppdatering om EU:s nya prioritering \u2013 f\u00f6rsvar och s\u00e4kerhet","datePublished":"2018-03-16T14:02:36+00:00","mainEntityOfPage":{"@id":"https:\/\/www.sbhss.eu\/sv\/uppdatering-om-eu-s-nya-prioritering-foersvar-och-saekerhet\/"},"wordCount":983,"commentCount":0,"image":{"@id":"https:\/\/www.sbhss.eu\/sv\/uppdatering-om-eu-s-nya-prioritering-foersvar-och-saekerhet\/#primaryimage"},"thumbnailUrl":"","articleSection":["Hem - Startsidan"],"inLanguage":"sv-SE"},{"@type":"WebPage","@id":"https:\/\/www.sbhss.eu\/sv\/uppdatering-om-eu-s-nya-prioritering-foersvar-och-saekerhet\/","url":"https:\/\/www.sbhss.eu\/sv\/uppdatering-om-eu-s-nya-prioritering-foersvar-och-saekerhet\/","name":"Uppdatering om EU:s nya prioritering \u2013 f\u00f6rsvar och s\u00e4kerhet - SBHSS","isPartOf":{"@id":"https:\/\/www.sbhss.eu\/#website"},"primaryImageOfPage":{"@id":"https:\/\/www.sbhss.eu\/sv\/uppdatering-om-eu-s-nya-prioritering-foersvar-och-saekerhet\/#primaryimage"},"image":{"@id":"https:\/\/www.sbhss.eu\/sv\/uppdatering-om-eu-s-nya-prioritering-foersvar-och-saekerhet\/#primaryimage"},"thumbnailUrl":"","datePublished":"2018-03-16T14:02:36+00:00","author":{"@id":"https:\/\/www.sbhss.eu\/#\/schema\/person\/b8d8eb4c1088a05ed50ecff9b2bf643f"},"breadcrumb":{"@id":"https:\/\/www.sbhss.eu\/sv\/uppdatering-om-eu-s-nya-prioritering-foersvar-och-saekerhet\/#breadcrumb"},"inLanguage":"sv-SE","potentialAction":[{"@type":"ReadAction","target":["https:\/\/www.sbhss.eu\/sv\/uppdatering-om-eu-s-nya-prioritering-foersvar-och-saekerhet\/"]}]},{"@type":"ImageObject","inLanguage":"sv-SE","@id":"https:\/\/www.sbhss.eu\/sv\/uppdatering-om-eu-s-nya-prioritering-foersvar-och-saekerhet\/#primaryimage","url":"","contentUrl":""},{"@type":"BreadcrumbList","@id":"https:\/\/www.sbhss.eu\/sv\/uppdatering-om-eu-s-nya-prioritering-foersvar-och-saekerhet\/#breadcrumb","itemListElement":[{"@type":"ListItem","position":1,"name":"Hem","item":"https:\/\/www.sbhss.eu\/sv\/"},{"@type":"ListItem","position":2,"name":"Uppdatering om EU:s nya prioritering \u2013 f\u00f6rsvar och s\u00e4kerhet"}]},{"@type":"WebSite","@id":"https:\/\/www.sbhss.eu\/#website","url":"https:\/\/www.sbhss.eu\/","name":"SBHSS","description":"","potentialAction":[{"@type":"SearchAction","target":{"@type":"EntryPoint","urlTemplate":"https:\/\/www.sbhss.eu\/?s={search_term_string}"},"query-input":{"@type":"PropertyValueSpecification","valueRequired":true,"valueName":"search_term_string"}}],"inLanguage":"sv-SE"},{"@type":"Person","@id":"https:\/\/www.sbhss.eu\/#\/schema\/person\/b8d8eb4c1088a05ed50ecff9b2bf643f","name":"Sven Kast\u00f6","image":{"@type":"ImageObject","inLanguage":"sv-SE","@id":"https:\/\/secure.gravatar.com\/avatar\/4ce3985fbe5a36073e6a0cbba2acaad0da794332aeb9a944eca4c7548361a263?s=96&d=mm&r=g","url":"https:\/\/secure.gravatar.com\/avatar\/4ce3985fbe5a36073e6a0cbba2acaad0da794332aeb9a944eca4c7548361a263?s=96&d=mm&r=g","contentUrl":"https:\/\/secure.gravatar.com\/avatar\/4ce3985fbe5a36073e6a0cbba2acaad0da794332aeb9a944eca4c7548361a263?s=96&d=mm&r=g","caption":"Sven Kast\u00f6"},"url":"https:\/\/www.sbhss.eu\/sv\/author\/sven-kastosbhss-eu\/"}]}},"_links":{"self":[{"href":"https:\/\/www.sbhss.eu\/sv\/wp-json\/wp\/v2\/posts\/849","targetHints":{"allow":["GET"]}}],"collection":[{"href":"https:\/\/www.sbhss.eu\/sv\/wp-json\/wp\/v2\/posts"}],"about":[{"href":"https:\/\/www.sbhss.eu\/sv\/wp-json\/wp\/v2\/types\/post"}],"author":[{"embeddable":true,"href":"https:\/\/www.sbhss.eu\/sv\/wp-json\/wp\/v2\/users\/3"}],"replies":[{"embeddable":true,"href":"https:\/\/www.sbhss.eu\/sv\/wp-json\/wp\/v2\/comments?post=849"}],"version-history":[{"count":0,"href":"https:\/\/www.sbhss.eu\/sv\/wp-json\/wp\/v2\/posts\/849\/revisions"}],"wp:featuredmedia":[{"embeddable":true,"href":"https:\/\/www.sbhss.eu\/sv\/wp-json\/"}],"wp:attachment":[{"href":"https:\/\/www.sbhss.eu\/sv\/wp-json\/wp\/v2\/media?parent=849"}],"wp:term":[{"taxonomy":"category","embeddable":true,"href":"https:\/\/www.sbhss.eu\/sv\/wp-json\/wp\/v2\/categories?post=849"},{"taxonomy":"post_tag","embeddable":true,"href":"https:\/\/www.sbhss.eu\/sv\/wp-json\/wp\/v2\/tags?post=849"}],"curies":[{"name":"wp","href":"https:\/\/api.w.org\/{rel}","templated":true}]}}