{"id":866,"date":"2018-04-20T13:50:55","date_gmt":"2018-04-20T11:50:55","guid":{"rendered":"http:\/\/wp.sbhss.eu\/?p=866"},"modified":"2018-04-20T13:50:55","modified_gmt":"2018-04-20T11:50:55","slug":"eu-kommissionen-och-oecd-laegger-fram-checklista-med-konkreta-tips-foer-integration-av-migranter","status":"publish","type":"post","link":"https:\/\/www.sbhss.eu\/sv\/eu-kommissionen-och-oecd-laegger-fram-checklista-med-konkreta-tips-foer-integration-av-migranter\/","title":{"rendered":"EU-kommissionen och OECD l\u00e4gger fram checklista med konkreta tips f\u00f6r integration av migranter"},"content":{"rendered":"<p><a href=\"http:\/\/europa.eu\/rapid\/press-release_IP-18-3321_sv.htm\">EU-kommissionen och OECD har tagit fram en rapport<\/a> som identifierar de st\u00f6rsta utmaningarna n\u00e4r det g\u00e4ller integration av migranter och fastst\u00e4ller politiska rekommendationer f\u00f6r att hantera dessa utmaningar. Rapporten samlar goda exempel fr\u00e5n st\u00e4der i Europa och ska fungera som ett st\u00f6d f\u00f6r lokala, regionala och nationella myndigheter. B\u00e5de Kalmar l\u00e4n och Region Halland lyfts fram som goda exempel.<\/p>\n<p><!--more--><\/p>\n<p>\u2013 Migrationen \u00e4r till stora delar en lokal och urban fr\u00e5ga, s\u00e4ger Corina&nbsp;Cre\u021bu, kommission\u00e4r med ansvar f\u00f6r regionalpolitik. Rapporten \u00e4r en konkret checklista f\u00f6r offentliga \u00e5tg\u00e4rder. Tanken \u00e4r att den ska hj\u00e4lpa lokala myndigheter att bana v\u00e4g f\u00f6r en lyckad integration med st\u00f6d fr\u00e5n de sammanh\u00e5llningspolitiska fonderna. Jag tror att sammanh\u00e5llningspolitiken kommer att spela en \u00e4nnu st\u00f6rre roll i framtiden.<\/p>\n<p>Rapporten analyserar migranternas situation i OECD-l\u00e4nderna, bland annat var de slog sig ner, hur effektiva deras v\u00e4gar till integration varit och vilka utmaningar som de st\u00f6tt p\u00e5 \u2013 t.ex. f\u00f6r att komma in p\u00e5 den lokala arbetsmarknaden. Den inneh\u00e5ller ocks\u00e5 f\u00f6rslag p\u00e5 l\u00f6sningar och s\u00e4tt f\u00f6r att fr\u00e4mja mer samarbete p\u00e5 nationell, regional och lokal niv\u00e5. Exempelvis g\u00e4llande kompetensf\u00f6rs\u00f6rjning, d\u00e4r rapporten f\u00f6resl\u00e5r att man kan bygga upp en lokal databas med migranters kompetenser.<\/p>\n<p>F\u00f6r Sm\u00e5land-Blekinge-Halland noterar vi att v\u00e5ra huvudm\u00e4n lyfts fram i rapporten. Region Halland n\u00e4mns som gott exempel tillsammans med Region V\u00e4stra G\u00f6taland g\u00e4llande strukturfondspartnerskapet i V\u00e4stsverige, som prioriterar bland regionala projektans\u00f6kningar inom socialfonden respektive regionalfonden. \u00c4ven Kalmar l\u00e4n lyfts fram som gott exempel p\u00e5 datainsamling och statistik, d\u00e5 man i regionen samlar in feedback fr\u00e5n jobbs\u00f6kande migranter och flyktingar f\u00f6r att d\u00e4rigenom f\u00f6rb\u00e4ttra sina tj\u00e4nster. <a href=\"http:\/\/ec.europa.eu\/regional_policy\/en\/information\/publications\/reports\/2018\/working-together-for-the-local-integration-of-migrants\">Rapporten finns att l\u00e4sa i sin helhet h\u00e4r<\/a>.<\/p>\n","protected":false},"excerpt":{"rendered":"<p>EU-kommissionen och OECD har tagit fram en rapport som identifierar de st\u00f6rsta utmaningarna n\u00e4r det g\u00e4ller integration av migranter och fastst\u00e4ller politiska rekommendationer f\u00f6r att hantera dessa utmaningar. Rapporten samlar goda exempel fr\u00e5n st\u00e4der i Europa och ska fungera som ett st\u00f6d f\u00f6r lokala, regionala och nationella myndigheter. B\u00e5de Kalmar l\u00e4n och Region Halland lyfts [&hellip;]<\/p>\n","protected":false},"author":3,"featured_media":0,"comment_status":"open","ping_status":"open","sticky":false,"template":"","format":"standard","meta":{"_acf_changed":false,"footnotes":""},"categories":[11],"tags":[],"class_list":["post-866","post","type-post","status-publish","format-standard","hentry","category-hem"],"acf":[],"yoast_head":"<!-- This site is optimized with the Yoast SEO plugin v27.5 - https:\/\/yoast.com\/product\/yoast-seo-wordpress\/ -->\n<title>EU-kommissionen och OECD l\u00e4gger fram checklista med konkreta tips f\u00f6r integration av migranter - SBHSS<\/title>\n<meta name=\"robots\" content=\"index, follow, max-snippet:-1, max-image-preview:large, max-video-preview:-1\" \/>\n<link rel=\"canonical\" href=\"https:\/\/www.sbhss.eu\/sv\/eu-kommissionen-och-oecd-laegger-fram-checklista-med-konkreta-tips-foer-integration-av-migranter\/\" \/>\n<meta property=\"og:locale\" content=\"sv_SE\" \/>\n<meta property=\"og:type\" content=\"article\" \/>\n<meta property=\"og:title\" content=\"EU-kommissionen och OECD l\u00e4gger fram checklista med konkreta tips f\u00f6r integration av migranter - SBHSS\" \/>\n<meta property=\"og:description\" content=\"EU-kommissionen och OECD har tagit fram en rapport som identifierar de st\u00f6rsta utmaningarna n\u00e4r det g\u00e4ller integration av migranter och fastst\u00e4ller politiska rekommendationer f\u00f6r att hantera dessa utmaningar. Rapporten samlar goda exempel fr\u00e5n st\u00e4der i Europa och ska fungera som ett st\u00f6d f\u00f6r lokala, regionala och nationella myndigheter. B\u00e5de Kalmar l\u00e4n och Region Halland lyfts [&hellip;]\" \/>\n<meta property=\"og:url\" content=\"https:\/\/www.sbhss.eu\/sv\/eu-kommissionen-och-oecd-laegger-fram-checklista-med-konkreta-tips-foer-integration-av-migranter\/\" \/>\n<meta property=\"og:site_name\" content=\"SBHSS\" \/>\n<meta property=\"article:published_time\" content=\"2018-04-20T11:50:55+00:00\" \/>\n<meta name=\"author\" content=\"Sven Kast\u00f6\" \/>\n<meta name=\"twitter:card\" content=\"summary_large_image\" \/>\n<meta name=\"twitter:label1\" content=\"Skriven av\" \/>\n\t<meta name=\"twitter:data1\" content=\"Sven Kast\u00f6\" \/>\n\t<meta name=\"twitter:label2\" content=\"Ber\u00e4knad l\u00e4stid\" \/>\n\t<meta name=\"twitter:data2\" content=\"2 minuter\" \/>\n<script type=\"application\/ld+json\" class=\"yoast-schema-graph\">{\"@context\":\"https:\\\/\\\/schema.org\",\"@graph\":[{\"@type\":\"Article\",\"@id\":\"https:\\\/\\\/www.sbhss.eu\\\/sv\\\/eu-kommissionen-och-oecd-laegger-fram-checklista-med-konkreta-tips-foer-integration-av-migranter\\\/#article\",\"isPartOf\":{\"@id\":\"https:\\\/\\\/www.sbhss.eu\\\/sv\\\/eu-kommissionen-och-oecd-laegger-fram-checklista-med-konkreta-tips-foer-integration-av-migranter\\\/\"},\"author\":{\"name\":\"Sven Kast\u00f6\",\"@id\":\"https:\\\/\\\/www.sbhss.eu\\\/#\\\/schema\\\/person\\\/b8d8eb4c1088a05ed50ecff9b2bf643f\"},\"headline\":\"EU-kommissionen och OECD l\u00e4gger fram checklista med konkreta tips f\u00f6r integration av migranter\",\"datePublished\":\"2018-04-20T11:50:55+00:00\",\"mainEntityOfPage\":{\"@id\":\"https:\\\/\\\/www.sbhss.eu\\\/sv\\\/eu-kommissionen-och-oecd-laegger-fram-checklista-med-konkreta-tips-foer-integration-av-migranter\\\/\"},\"wordCount\":343,\"commentCount\":0,\"articleSection\":[\"Hem - Startsidan\"],\"inLanguage\":\"sv-SE\"},{\"@type\":\"WebPage\",\"@id\":\"https:\\\/\\\/www.sbhss.eu\\\/sv\\\/eu-kommissionen-och-oecd-laegger-fram-checklista-med-konkreta-tips-foer-integration-av-migranter\\\/\",\"url\":\"https:\\\/\\\/www.sbhss.eu\\\/sv\\\/eu-kommissionen-och-oecd-laegger-fram-checklista-med-konkreta-tips-foer-integration-av-migranter\\\/\",\"name\":\"EU-kommissionen och OECD l\u00e4gger fram checklista med konkreta tips f\u00f6r integration av migranter - SBHSS\",\"isPartOf\":{\"@id\":\"https:\\\/\\\/www.sbhss.eu\\\/#website\"},\"datePublished\":\"2018-04-20T11:50:55+00:00\",\"author\":{\"@id\":\"https:\\\/\\\/www.sbhss.eu\\\/#\\\/schema\\\/person\\\/b8d8eb4c1088a05ed50ecff9b2bf643f\"},\"breadcrumb\":{\"@id\":\"https:\\\/\\\/www.sbhss.eu\\\/sv\\\/eu-kommissionen-och-oecd-laegger-fram-checklista-med-konkreta-tips-foer-integration-av-migranter\\\/#breadcrumb\"},\"inLanguage\":\"sv-SE\",\"potentialAction\":[{\"@type\":\"ReadAction\",\"target\":[\"https:\\\/\\\/www.sbhss.eu\\\/sv\\\/eu-kommissionen-och-oecd-laegger-fram-checklista-med-konkreta-tips-foer-integration-av-migranter\\\/\"]}]},{\"@type\":\"BreadcrumbList\",\"@id\":\"https:\\\/\\\/www.sbhss.eu\\\/sv\\\/eu-kommissionen-och-oecd-laegger-fram-checklista-med-konkreta-tips-foer-integration-av-migranter\\\/#breadcrumb\",\"itemListElement\":[{\"@type\":\"ListItem\",\"position\":1,\"name\":\"Hem\",\"item\":\"https:\\\/\\\/www.sbhss.eu\\\/sv\\\/\"},{\"@type\":\"ListItem\",\"position\":2,\"name\":\"EU-kommissionen och OECD l\u00e4gger fram checklista med konkreta tips f\u00f6r integration av migranter\"}]},{\"@type\":\"WebSite\",\"@id\":\"https:\\\/\\\/www.sbhss.eu\\\/#website\",\"url\":\"https:\\\/\\\/www.sbhss.eu\\\/\",\"name\":\"SBHSS\",\"description\":\"\",\"potentialAction\":[{\"@type\":\"SearchAction\",\"target\":{\"@type\":\"EntryPoint\",\"urlTemplate\":\"https:\\\/\\\/www.sbhss.eu\\\/?s={search_term_string}\"},\"query-input\":{\"@type\":\"PropertyValueSpecification\",\"valueRequired\":true,\"valueName\":\"search_term_string\"}}],\"inLanguage\":\"sv-SE\"},{\"@type\":\"Person\",\"@id\":\"https:\\\/\\\/www.sbhss.eu\\\/#\\\/schema\\\/person\\\/b8d8eb4c1088a05ed50ecff9b2bf643f\",\"name\":\"Sven Kast\u00f6\",\"image\":{\"@type\":\"ImageObject\",\"inLanguage\":\"sv-SE\",\"@id\":\"https:\\\/\\\/secure.gravatar.com\\\/avatar\\\/4ce3985fbe5a36073e6a0cbba2acaad0da794332aeb9a944eca4c7548361a263?s=96&d=mm&r=g\",\"url\":\"https:\\\/\\\/secure.gravatar.com\\\/avatar\\\/4ce3985fbe5a36073e6a0cbba2acaad0da794332aeb9a944eca4c7548361a263?s=96&d=mm&r=g\",\"contentUrl\":\"https:\\\/\\\/secure.gravatar.com\\\/avatar\\\/4ce3985fbe5a36073e6a0cbba2acaad0da794332aeb9a944eca4c7548361a263?s=96&d=mm&r=g\",\"caption\":\"Sven Kast\u00f6\"},\"url\":\"https:\\\/\\\/www.sbhss.eu\\\/sv\\\/author\\\/sven-kastosbhss-eu\\\/\"}]}<\/script>\n<!-- \/ Yoast SEO plugin. -->","yoast_head_json":{"title":"EU-kommissionen och OECD l\u00e4gger fram checklista med konkreta tips f\u00f6r integration av migranter - SBHSS","robots":{"index":"index","follow":"follow","max-snippet":"max-snippet:-1","max-image-preview":"max-image-preview:large","max-video-preview":"max-video-preview:-1"},"canonical":"https:\/\/www.sbhss.eu\/sv\/eu-kommissionen-och-oecd-laegger-fram-checklista-med-konkreta-tips-foer-integration-av-migranter\/","og_locale":"sv_SE","og_type":"article","og_title":"EU-kommissionen och OECD l\u00e4gger fram checklista med konkreta tips f\u00f6r integration av migranter - SBHSS","og_description":"EU-kommissionen och OECD har tagit fram en rapport som identifierar de st\u00f6rsta utmaningarna n\u00e4r det g\u00e4ller integration av migranter och fastst\u00e4ller politiska rekommendationer f\u00f6r att hantera dessa utmaningar. Rapporten samlar goda exempel fr\u00e5n st\u00e4der i Europa och ska fungera som ett st\u00f6d f\u00f6r lokala, regionala och nationella myndigheter. B\u00e5de Kalmar l\u00e4n och Region Halland lyfts [&hellip;]","og_url":"https:\/\/www.sbhss.eu\/sv\/eu-kommissionen-och-oecd-laegger-fram-checklista-med-konkreta-tips-foer-integration-av-migranter\/","og_site_name":"SBHSS","article_published_time":"2018-04-20T11:50:55+00:00","author":"Sven Kast\u00f6","twitter_card":"summary_large_image","twitter_misc":{"Skriven av":"Sven Kast\u00f6","Ber\u00e4knad l\u00e4stid":"2 minuter"},"schema":{"@context":"https:\/\/schema.org","@graph":[{"@type":"Article","@id":"https:\/\/www.sbhss.eu\/sv\/eu-kommissionen-och-oecd-laegger-fram-checklista-med-konkreta-tips-foer-integration-av-migranter\/#article","isPartOf":{"@id":"https:\/\/www.sbhss.eu\/sv\/eu-kommissionen-och-oecd-laegger-fram-checklista-med-konkreta-tips-foer-integration-av-migranter\/"},"author":{"name":"Sven Kast\u00f6","@id":"https:\/\/www.sbhss.eu\/#\/schema\/person\/b8d8eb4c1088a05ed50ecff9b2bf643f"},"headline":"EU-kommissionen och OECD l\u00e4gger fram checklista med konkreta tips f\u00f6r integration av migranter","datePublished":"2018-04-20T11:50:55+00:00","mainEntityOfPage":{"@id":"https:\/\/www.sbhss.eu\/sv\/eu-kommissionen-och-oecd-laegger-fram-checklista-med-konkreta-tips-foer-integration-av-migranter\/"},"wordCount":343,"commentCount":0,"articleSection":["Hem - Startsidan"],"inLanguage":"sv-SE"},{"@type":"WebPage","@id":"https:\/\/www.sbhss.eu\/sv\/eu-kommissionen-och-oecd-laegger-fram-checklista-med-konkreta-tips-foer-integration-av-migranter\/","url":"https:\/\/www.sbhss.eu\/sv\/eu-kommissionen-och-oecd-laegger-fram-checklista-med-konkreta-tips-foer-integration-av-migranter\/","name":"EU-kommissionen och OECD l\u00e4gger fram checklista med konkreta tips f\u00f6r integration av migranter - SBHSS","isPartOf":{"@id":"https:\/\/www.sbhss.eu\/#website"},"datePublished":"2018-04-20T11:50:55+00:00","author":{"@id":"https:\/\/www.sbhss.eu\/#\/schema\/person\/b8d8eb4c1088a05ed50ecff9b2bf643f"},"breadcrumb":{"@id":"https:\/\/www.sbhss.eu\/sv\/eu-kommissionen-och-oecd-laegger-fram-checklista-med-konkreta-tips-foer-integration-av-migranter\/#breadcrumb"},"inLanguage":"sv-SE","potentialAction":[{"@type":"ReadAction","target":["https:\/\/www.sbhss.eu\/sv\/eu-kommissionen-och-oecd-laegger-fram-checklista-med-konkreta-tips-foer-integration-av-migranter\/"]}]},{"@type":"BreadcrumbList","@id":"https:\/\/www.sbhss.eu\/sv\/eu-kommissionen-och-oecd-laegger-fram-checklista-med-konkreta-tips-foer-integration-av-migranter\/#breadcrumb","itemListElement":[{"@type":"ListItem","position":1,"name":"Hem","item":"https:\/\/www.sbhss.eu\/sv\/"},{"@type":"ListItem","position":2,"name":"EU-kommissionen och OECD l\u00e4gger fram checklista med konkreta tips f\u00f6r integration av migranter"}]},{"@type":"WebSite","@id":"https:\/\/www.sbhss.eu\/#website","url":"https:\/\/www.sbhss.eu\/","name":"SBHSS","description":"","potentialAction":[{"@type":"SearchAction","target":{"@type":"EntryPoint","urlTemplate":"https:\/\/www.sbhss.eu\/?s={search_term_string}"},"query-input":{"@type":"PropertyValueSpecification","valueRequired":true,"valueName":"search_term_string"}}],"inLanguage":"sv-SE"},{"@type":"Person","@id":"https:\/\/www.sbhss.eu\/#\/schema\/person\/b8d8eb4c1088a05ed50ecff9b2bf643f","name":"Sven Kast\u00f6","image":{"@type":"ImageObject","inLanguage":"sv-SE","@id":"https:\/\/secure.gravatar.com\/avatar\/4ce3985fbe5a36073e6a0cbba2acaad0da794332aeb9a944eca4c7548361a263?s=96&d=mm&r=g","url":"https:\/\/secure.gravatar.com\/avatar\/4ce3985fbe5a36073e6a0cbba2acaad0da794332aeb9a944eca4c7548361a263?s=96&d=mm&r=g","contentUrl":"https:\/\/secure.gravatar.com\/avatar\/4ce3985fbe5a36073e6a0cbba2acaad0da794332aeb9a944eca4c7548361a263?s=96&d=mm&r=g","caption":"Sven Kast\u00f6"},"url":"https:\/\/www.sbhss.eu\/sv\/author\/sven-kastosbhss-eu\/"}]}},"_links":{"self":[{"href":"https:\/\/www.sbhss.eu\/sv\/wp-json\/wp\/v2\/posts\/866","targetHints":{"allow":["GET"]}}],"collection":[{"href":"https:\/\/www.sbhss.eu\/sv\/wp-json\/wp\/v2\/posts"}],"about":[{"href":"https:\/\/www.sbhss.eu\/sv\/wp-json\/wp\/v2\/types\/post"}],"author":[{"embeddable":true,"href":"https:\/\/www.sbhss.eu\/sv\/wp-json\/wp\/v2\/users\/3"}],"replies":[{"embeddable":true,"href":"https:\/\/www.sbhss.eu\/sv\/wp-json\/wp\/v2\/comments?post=866"}],"version-history":[{"count":0,"href":"https:\/\/www.sbhss.eu\/sv\/wp-json\/wp\/v2\/posts\/866\/revisions"}],"wp:attachment":[{"href":"https:\/\/www.sbhss.eu\/sv\/wp-json\/wp\/v2\/media?parent=866"}],"wp:term":[{"taxonomy":"category","embeddable":true,"href":"https:\/\/www.sbhss.eu\/sv\/wp-json\/wp\/v2\/categories?post=866"},{"taxonomy":"post_tag","embeddable":true,"href":"https:\/\/www.sbhss.eu\/sv\/wp-json\/wp\/v2\/tags?post=866"}],"curies":[{"name":"wp","href":"https:\/\/api.w.org\/{rel}","templated":true}]}}