{"id":9684,"date":"2026-04-24T09:04:24","date_gmt":"2026-04-24T09:04:24","guid":{"rendered":"https:\/\/www.sbhss.eu\/?p=9684"},"modified":"2026-04-24T09:26:23","modified_gmt":"2026-04-24T09:26:23","slug":"framsyn-i-fokus-pa-europaforum-2026-i-karlskrona","status":"publish","type":"post","link":"https:\/\/www.sbhss.eu\/sv\/framsyn-i-fokus-pa-europaforum-2026-i-karlskrona\/","title":{"rendered":"Framsyn i fokus p\u00e5 Europaforum 2026 i Karlskrona"},"content":{"rendered":"<p style=\"text-align: justify;\"><em><span class=\"TextRun SCXW219705377 BCX8\" lang=\"SV-SE\" xml:lang=\"SV-SE\" data-contrast=\"auto\"><span class=\"NormalTextRun SCXW219705377 BCX8\">P\u00e5 \u00e5rets Europaforum<\/span><span class=\"NormalTextRun SCXW219705377 BCX8\">\u00a0i Karlskrona var det<\/span><span class=\"NormalTextRun SCXW219705377 BCX8\">\u00a0svensk\u00a0<\/span><span class=\"NormalTextRun SCXW219705377 BCX8\">sj\u00f6farts 500-\u00e5riga historia<\/span><span class=\"NormalTextRun CommentStart SCXW219705377 BCX8\">\u00a0<\/span><span class=\"NormalTextRun SCXW219705377 BCX8\">som formade\u00a0<\/span><span class=\"NormalTextRun SCXW219705377 BCX8\">kulissen<\/span><span class=\"NormalTextRun SCXW219705377 BCX8\">,<\/span><span class=\"NormalTextRun SCXW219705377 BCX8\">\u00a0<\/span><span class=\"NormalTextRun SCXW219705377 BCX8\">men dagens fokus var helt klart framtiden och hur vi b\u00e4st rustar oss f\u00f6r kommande utmaningar i en v\u00e4rld pr\u00e4glad av geopolitisk instabilitet, snabba teknikskiften och demografiska\u00a0<\/span><span class=\"NormalTextRun SCXW219705377 BCX8\">f\u00f6r\u00e4ndringar<\/span><span class=\"NormalTextRun SCXW219705377 BCX8\">.<\/span><\/span><\/em><\/p>\n<p style=\"text-align: justify;\"><!--more--><\/p>\n<p style=\"text-align: justify;\"><span class=\"TextRun SCXW199073010 BCX8\" lang=\"SV-SE\" xml:lang=\"SV-SE\" data-contrast=\"auto\"><span class=\"NormalTextRun SCXW199073010 BCX8\">Europaforum\u00a0<\/span><span class=\"NormalTextRun SCXW199073010 BCX8\">Sm\u00e5land Blekinge Halland South Sweden\u00a0<\/span><span class=\"NormalTextRun SCXW199073010 BCX8\">\u00e4r en m\u00f6tesplats f\u00f6r att belysa och skapa dialog kring aktuella fr\u00e5gor p\u00e5 EU-arenan och hur de p\u00e5verkar\u00a0<\/span><span class=\"NormalTextRun SCXW199073010 BCX8\">Sydsverige<\/span><span class=\"NormalTextRun SCXW199073010 BCX8\">\u00a0p\u00e5 lokal och regional niv\u00e5. Europaforum\u00a0<\/span><span class=\"NormalTextRun SCXW199073010 BCX8\">anordna<\/span><span class=\"NormalTextRun SCXW199073010 BCX8\">de<\/span><span class=\"NormalTextRun SCXW199073010 BCX8\">s<\/span><span class=\"NormalTextRun SCXW199073010 BCX8\">\u00a0f\u00f6r\u00a0<\/span><span class=\"NormalTextRun SCXW199073010 BCX8\">\u00e5ttonde<\/span><span class=\"NormalTextRun SCXW199073010 BCX8\">\u00a0g\u00e5ngen och i \u00e5r stod Region\u00a0<\/span><span class=\"NormalTextRun SCXW199073010 BCX8\">Blekinge<\/span><span class=\"NormalTextRun SCXW199073010 BCX8\">\u00a0v\u00e4rd<\/span><span class=\"NormalTextRun SCXW199073010 BCX8\">. Temat f\u00f6r i \u00e5r tog avstamp i<\/span><span class=\"NormalTextRun SCXW199073010 BCX8\">\u00a0<\/span><span class=\"NormalTextRun SCXW199073010 BCX8\">EU-<\/span><span class=\"NormalTextRun SCXW199073010 BCX8\">ko<\/span><span class=\"NormalTextRun SCXW199073010 BCX8\">mmissionens<\/span><span class=\"NormalTextRun SCXW199073010 BCX8\">\u00a0f\u00f6rslag till<\/span><span class=\"NormalTextRun SCXW199073010 BCX8\">\u00a0ny<\/span><span class=\"NormalTextRun SCXW199073010 BCX8\">\u00a0l\u00e5ngtidsbudget och\u00a0<\/span><span class=\"NormalTextRun SCXW199073010 BCX8\">de sto<\/span><span class=\"NormalTextRun SCXW199073010 BCX8\">ra f\u00f6<\/span><span class=\"NormalTextRun SCXW199073010 BCX8\">r\u00e4ndringar<\/span><span class=\"NormalTextRun SCXW199073010 BCX8\">\u00a0<\/span><span class=\"NormalTextRun SCXW199073010 BCX8\">som f\u00f6reslag<\/span><span class=\"NormalTextRun SCXW199073010 BCX8\">its\u00a0<\/span><span class=\"NormalTextRun SCXW199073010 BCX8\">i EU:s<\/span><span class=\"NormalTextRun SCXW199073010 BCX8\">\u00a0<\/span><span class=\"NormalTextRun SCXW199073010 BCX8\">regional<\/span><span class=\"NormalTextRun SCXW199073010 BCX8\">&#8211; och\u00a0<\/span><span class=\"NormalTextRun SpellingErrorV2Themed SCXW199073010 BCX8\">innovationspol<\/span><span class=\"NormalTextRun SpellingErrorV2Themed SCXW199073010 BCX8\">itik<\/span><span class=\"NormalTextRun SCXW199073010 BCX8\">.\u00a0<\/span><span class=\"NormalTextRun SCXW199073010 BCX8\">Platsen f\u00f6r konferensen var Marinmuseum,\u00a0<\/span><span class=\"NormalTextRun SCXW199073010 BCX8\">och moderator f\u00f6r dagen var Mia\u00a0<\/span><span class=\"NormalTextRun SpellingErrorV2Themed SCXW199073010 BCX8\">O<\/span><span class=\"NormalTextRun CommentStart SpellingErrorV2Themed SCXW199073010 BCX8\">dabass<\/span><span class=\"NormalTextRun SCXW199073010 BCX8\">\u00a0fr\u00e5n Sveriges Radio.\u00a0<\/span><\/span><span class=\"EOP Selected SCXW199073010 BCX8\" data-ccp-props=\"{}\">\u00a0<\/span><\/p>\n<figure id=\"attachment_9685\" aria-describedby=\"caption-attachment-9685\" style=\"width: 478px\" class=\"wp-caption aligncenter\"><img loading=\"lazy\" decoding=\"async\" class=\"wp-image-9685 size-full\" src=\"https:\/\/www.sbhss.eu\/wp-content\/uploads\/2026\/04\/europaforum1.png\" alt=\"\" width=\"478\" height=\"278\" \/><figcaption id=\"caption-attachment-9685\" class=\"wp-caption-text\"><em>Bild fr\u00e5n Visit Karlskrona.<\/em><\/figcaption><\/figure>\n<h4 style=\"text-align: justify;\"><em><span class=\"TextRun SCXW217088036 BCX8\" lang=\"SV-SE\" xml:lang=\"SV-SE\" data-contrast=\"none\"><span class=\"NormalTextRun CommentStart SCXW217088036 BCX8\" data-ccp-parastyle=\"heading 4\">EU:s l\u00e5ngtidsbudget \u2013 ett regalskepp fr\u00e5n stormaktstiden eller en toppmodern u-b\u00e5t rustad f\u00f6r framtiden?<\/span><\/span><span class=\"EOP Selected SCXW217088036 BCX8\" data-ccp-props=\"{&quot;134245418&quot;:true,&quot;134245529&quot;:true,&quot;335559738&quot;:80,&quot;335559739&quot;:40}\">\u00a0<\/span><\/em><\/h4>\n<p style=\"text-align: justify;\"><span class=\"TextRun SCXW225115566 BCX8\" lang=\"SV-SE\" xml:lang=\"SV-SE\" data-contrast=\"auto\"><span class=\"NormalTextRun SCXW225115566 BCX8\">Dagen inleddes med en\u00a0<\/span><span class=\"NormalTextRun SCXW225115566 BCX8\">framtidsspaning fr\u00e5n Graeme Carters\u00a0<\/span><span class=\"NormalTextRun SCXW225115566 BCX8\">p\u00e5\u00a0<\/span><span class=\"NormalTextRun SpellingErrorV2Themed SCXW225115566 BCX8\">European<\/span><span class=\"NormalTextRun SCXW225115566 BCX8\">\u00a0<\/span><span class=\"NormalTextRun SpellingErrorV2Themed SCXW225115566 BCX8\">Strategy<\/span><span class=\"NormalTextRun SCXW225115566 BCX8\">\u00a0and Policy\u00a0<\/span><span class=\"NormalTextRun SpellingErrorV2Themed SCXW225115566 BCX8\">Analysis<\/span><span class=\"NormalTextRun SCXW225115566 BCX8\">\u00a0System<\/span><span class=\"NormalTextRun SCXW225115566 BCX8\">\u00a0(E<\/span><span class=\"NormalTextRun SCXW225115566 BCX8\">SPAS)\u00a0<\/span><span class=\"NormalTextRun SCXW225115566 BCX8\">som \u00e4r en inter-institutionell\u00a0<\/span><span class=\"NormalTextRun SCXW225115566 BCX8\">samverkan mellan\u00a0<\/span><span class=\"NormalTextRun SCXW225115566 BCX8\">nio EU-institutioner och organ\u00a0<\/span><span class=\"NormalTextRun SCXW225115566 BCX8\">med uppdraget<\/span><span class=\"NormalTextRun SCXW225115566 BCX8\">\u00a0att\u00a0<\/span><span class=\"NormalTextRun SCXW225115566 BCX8\">bidra till<\/span><span class=\"NormalTextRun SCXW225115566 BCX8\">\u00a0ett f\u00f6rutseende och proaktivt<\/span><span class=\"NormalTextRun SCXW225115566 BCX8\">\u00a0beslutsfatta<\/span><span class=\"NormalTextRun SCXW225115566 BCX8\">nde<\/span><span class=\"NormalTextRun SCXW225115566 BCX8\">\u00a0genom strategisk framsyn<\/span><span class=\"NormalTextRun SCXW225115566 BCX8\">.\u00a0<\/span><span class=\"NormalTextRun SCXW225115566 BCX8\">Carters\u00a0<\/span><span class=\"NormalTextRun SCXW225115566 BCX8\">presenterade\u00a0<\/span><span class=\"NormalTextRun SCXW225115566 BCX8\">de viktigaste globala trenderna som kommer att\u00a0<\/span><span class=\"NormalTextRun SCXW225115566 BCX8\">p\u00e5verka EU p\u00e5 l\u00e4ngre sikt.\u00a0<\/span><span class=\"NormalTextRun CommentStart SCXW225115566 BCX8\">Mycket handlar om EU:s f\u00f6rm\u00e5ga att hantera stora\u00a0<\/span><span class=\"NormalTextRun SCXW225115566 BCX8\">systemomst\u00e4llning<\/span><span class=\"NormalTextRun SCXW225115566 BCX8\">ar<\/span><span class=\"NormalTextRun SCXW225115566 BCX8\">,\u00a0<\/span><span class=\"NormalTextRun SCXW225115566 BCX8\">inte minst\u00a0<\/span><span class=\"NormalTextRun SCXW225115566 BCX8\">inom\u00a0<\/span><span class=\"NormalTextRun SCXW225115566 BCX8\">omr\u00e5den som\u00a0<\/span><span class=\"NormalTextRun SCXW225115566 BCX8\">energi<\/span><span class=\"NormalTextRun SCXW225115566 BCX8\">\u00a0och<\/span><span class=\"NormalTextRun SCXW225115566 BCX8\">\u00a0teknik<\/span><span class=\"NormalTextRun SCXW225115566 BCX8\">.\u00a0<\/span><span class=\"NormalTextRun SCXW225115566 BCX8\">ESPAS\u00a0<\/span><span class=\"NormalTextRun SCXW225115566 BCX8\">lyfter ocks\u00e5 att m\u00e5nga sv\u00e5ra men strategiska beslut kommer att beh\u00f6va fattas\u00a0<\/span><span class=\"NormalTextRun SCXW225115566 BCX8\">av dagens beslutsfattare f\u00f6r att vi ska kunna vara rustade p\u00e5 b\u00e4sta s\u00e4tt f\u00f6r att m\u00f6ta morgondagens\u00a0<\/span><span class=\"NormalTextRun SCXW225115566 BCX8\">utmaningar. S\u00e5 fr\u00e5gan \u00e4r hur beslutsfattare kan\u00a0<\/span><span class=\"NormalTextRun SCXW225115566 BCX8\">skapa sig f\u00f6ruts\u00e4ttningar f\u00f6r att fatta beslut idag\u00a0<\/span><span class=\"NormalTextRun SCXW225115566 BCX8\">som \u00e4r motst\u00e5ndskraftiga\u00a0<\/span><span class=\"NormalTextRun SCXW225115566 BCX8\">p\u00e5 l\u00e5ng sikt och klarar av<\/span><span class=\"NormalTextRun SCXW225115566 BCX8\">\u00a0\u00e4ven\u00a0<\/span><span class=\"NormalTextRun SCXW225115566 BCX8\">s\u00e5dana\u00a0<\/span><span class=\"NormalTextRun SpellingErrorV2Themed SCXW225115566 BCX8\">disruptiva<\/span><span class=\"NormalTextRun SCXW225115566 BCX8\">\u00a0f\u00f6r\u00e4ndringar\u00a0<\/span><span class=\"NormalTextRun SCXW225115566 BCX8\">som vi har upplevt de senaste \u00e5ren<\/span><span class=\"NormalTextRun SCXW225115566 BCX8\">?<\/span><\/span><span class=\"EOP Selected SCXW225115566 BCX8\" data-ccp-props=\"{}\">\u00a0<\/span><\/p>\n<p style=\"text-align: justify;\"><span class=\"TextRun SCXW169683497 BCX8\" lang=\"SV-SE\" xml:lang=\"SV-SE\" data-contrast=\"auto\"><span class=\"NormalTextRun SCXW169683497 BCX8\">Jenny Sj\u00f6blom<\/span><span class=\"NormalTextRun SCXW169683497 BCX8\">\u00a0fr\u00e5n\u00a0<\/span><span class=\"NormalTextRun SpellingErrorV2Themed SCXW169683497 BCX8\">Vinnova<\/span><span class=\"NormalTextRun SCXW169683497 BCX8\">\u00a0<\/span><span class=\"NormalTextRun SCXW169683497 BCX8\">menar att den offentliga f\u00f6rvaltningen m\u00e5ste\u00a0<\/span><span class=\"NormalTextRun SCXW169683497 BCX8\">bli b\u00e4ttre p\u00e5 att<\/span><span class=\"NormalTextRun SCXW169683497 BCX8\">\u00a0<\/span><span class=\"NormalTextRun SCXW169683497 BCX8\">integrera strategisk framsyn i beslutsfattandet f\u00f6r att f\u00e5 till en stabilitet och motst\u00e5ndskraft i systemet \u00e4ven i tider av os\u00e4kerhet<\/span><span class=\"NormalTextRun SCXW169683497 BCX8\">.\u00a0<\/span><span class=\"NormalTextRun SCXW169683497 BCX8\">Strategisk framsyn \u00e4r\u00a0<\/span><span class=\"NormalTextRun SCXW169683497 BCX8\">ett samlingsbegrepp\u00a0<\/span><span class=\"NormalTextRun SCXW169683497 BCX8\">f\u00f6r att\u00a0<\/span><span class=\"NormalTextRun SCXW169683497 BCX8\">utforska, f\u00f6rest\u00e4lla och f\u00f6rutse framtiden p\u00e5 ett strukturerat men \u00f6ppet s\u00e4tt<\/span><span class=\"NormalTextRun SCXW169683497 BCX8\">\u00a0<\/span><span class=\"NormalTextRun SCXW169683497 BCX8\">d\u00e4r\u00a0<\/span><span class=\"NormalTextRun SCXW169683497 BCX8\">framtidsscenarion inte kan f\u00f6ruts\u00e4gas exakt<\/span><span class=\"NormalTextRun SCXW169683497 BCX8\">. Om offentlig f\u00f6rvaltning \u00e4r vana vid att fatta beslut utifr\u00e5n historiska data och\u00a0<\/span><span class=\"NormalTextRun SCXW169683497 BCX8\">etablerade metoder handlar strategisk framsyn om att\u00a0<\/span><span class=\"NormalTextRun SCXW169683497 BCX8\">inkludera<\/span><span class=\"NormalTextRun SCXW169683497 BCX8\">\u00a0<\/span><span class=\"NormalTextRun SCXW169683497 BCX8\">olika perspektiv f\u00f6r att motverka individuella och f\u00f6rutfattade meningar.\u00a0<\/span><span class=\"NormalTextRun SCXW169683497 BCX8\">\u00a0<\/span><\/span><span class=\"EOP Selected SCXW169683497 BCX8\" data-ccp-props=\"{}\">\u00a0<\/span><\/p>\n<p style=\"text-align: justify;\"><span class=\"TextRun SCXW195270536 BCX8\" lang=\"SV-SE\" xml:lang=\"SV-SE\" data-contrast=\"auto\"><span class=\"NormalTextRun SCXW195270536 BCX8\">Sj\u00f6blom\u00a0<\/span><span class=\"NormalTextRun SCXW195270536 BCX8\">menade\u00a0<\/span><span class=\"NormalTextRun SCXW195270536 BCX8\">att\u00a0<\/span><span class=\"NormalTextRun SCXW195270536 BCX8\">EU-kommissionens f\u00f6rslag till l\u00e5ngtids<\/span><span class=\"NormalTextRun SCXW195270536 BCX8\">budget \u00e4r EU:s s\u00e4tt att t\u00e4nka\u00a0<\/span><span class=\"NormalTextRun SCXW195270536 BCX8\">just strategiskt<\/span><span class=\"NormalTextRun SCXW195270536 BCX8\">\u00a0framsynt.\u00a0<\/span><span class=\"NormalTextRun SCXW195270536 BCX8\">Kommis<\/span><span class=\"NormalTextRun SCXW195270536 BCX8\">s<\/span><span class=\"NormalTextRun SCXW195270536 BCX8\">ionens\u00a0<\/span><span class=\"NormalTextRun SCXW195270536 BCX8\">f\u00f6rslag\u00a0<\/span><span class=\"NormalTextRun SCXW195270536 BCX8\">handlar om att\u00a0<\/span><span class=\"NormalTextRun SCXW195270536 BCX8\">skapa<\/span><span class=\"NormalTextRun SCXW195270536 BCX8\">\u00a0<\/span><span class=\"NormalTextRun SCXW195270536 BCX8\">f\u00f6ruts\u00e4ttningar f\u00f6r\u00a0<\/span><span class=\"NormalTextRun SCXW195270536 BCX8\">EU\u00a0<\/span><span class=\"NormalTextRun SCXW195270536 BCX8\">att hantera\u00a0<\/span><span class=\"NormalTextRun SCXW195270536 BCX8\">det os\u00e4kra,\u00a0<\/span><span class=\"NormalTextRun SCXW195270536 BCX8\">genom en flexibel och f\u00f6renklad budget, som inneb\u00e4r f\u00e4rre skiljelinjer mellan olika sekto<\/span><span class=\"NormalTextRun CommentStart SCXW195270536 BCX8\">rer.\u00a0<\/span><span class=\"NormalTextRun SCXW195270536 BCX8\">Ur ett regionalt perspektiv ser m\u00e5nga\u00a0<\/span><span class=\"NormalTextRun SCXW195270536 BCX8\">dock<\/span><span class=\"NormalTextRun SCXW195270536 BCX8\">\u00a0stora\u00a0<\/span><span class=\"NormalTextRun SCXW195270536 BCX8\">farh\u00e5gor<\/span><span class=\"NormalTextRun SCXW195270536 BCX8\">, med en \u00f6kad centralisering och koncentrerad makt till nationell niv\u00e5 i fr\u00e5gor som r\u00f6r den regionala utvecklingen.\u00a0<\/span><span class=\"NormalTextRun CommentStart SCXW195270536 BCX8\">S\u00e5 fr\u00e5gan \u00e4r med vilke<\/span><span class=\"NormalTextRun SCXW195270536 BCX8\">n farkost EU seglar ut p\u00e5 de sju v\u00e4rldshaven \u2013 i ett regalskepp eller en\u00a0<\/span><span class=\"NormalTextRun SCXW195270536 BCX8\">vision\u00e4r u-b<\/span><span class=\"NormalTextRun SCXW195270536 BCX8\">\u00e5t?\u00a0<\/span><span class=\"NormalTextRun SCXW195270536 BCX8\">Och vem \u00e4r det som ser till att vi h\u00e5ller rak kurs?<\/span><span class=\"NormalTextRun SCXW195270536 BCX8\">\u00a0<\/span><\/span><\/p>\n<figure id=\"attachment_9719\" aria-describedby=\"caption-attachment-9719\" style=\"width: 517px\" class=\"wp-caption aligncenter\"><img loading=\"lazy\" decoding=\"async\" class=\"wp-image-9719\" src=\"https:\/\/www.sbhss.eu\/wp-content\/uploads\/2026\/04\/euforum.jpg\" alt=\"\" width=\"517\" height=\"388\" \/><figcaption id=\"caption-attachment-9719\" class=\"wp-caption-text\">Dagens moderator Mia Odabass och Erika Augustinsson, innovationsstrateg Region Blekinge, i samtal om utmaningar och vad som kr\u00e4vs av oss fram\u00e5t.<\/figcaption><\/figure>\n<p>&nbsp;<\/p>\n<p style=\"text-align: justify;\"><span class=\"TextRun SCXW177821780 BCX8\" lang=\"SV-SE\" xml:lang=\"SV-SE\" data-contrast=\"auto\"><span class=\"NormalTextRun SCXW177821780 BCX8\">Kai\u00a0<\/span><span class=\"NormalTextRun SpellingErrorV2Themed SCXW177821780 BCX8\">B\u00f6hme<\/span><span class=\"NormalTextRun SCXW177821780 BCX8\">, grundare och chef f\u00f6r\u00a0<\/span><span class=\"NormalTextRun SCXW177821780 BCX8\">tankesmedjan\u00a0<\/span><span class=\"NormalTextRun SCXW177821780 BCX8\">Spatial\u00a0<\/span><span class=\"NormalTextRun SpellingErrorV2Themed SCXW177821780 BCX8\">F<\/span><span class=\"NormalTextRun SpellingErrorV2Themed SCXW177821780 BCX8\">oresight<\/span><span class=\"NormalTextRun SCXW177821780 BCX8\">,\u00a0<\/span><span class=\"NormalTextRun SCXW177821780 BCX8\">och\u00a0<\/span><span class=\"NormalTextRun SCXW177821780 BCX8\">Fredrik Sj\u00f6gren, policyansvarig f\u00f6r EU- fr\u00e5gor p\u00e5 Svenskt\u00a0<\/span><span class=\"NormalTextRun SCXW177821780 BCX8\">N<\/span><span class=\"NormalTextRun SCXW177821780 BCX8\">\u00e4ringsliv, fortsatte sedan p\u00e5 temat EU:s l\u00e5ngtidsbudget.\u00a0<\/span><span class=\"NormalTextRun SCXW177821780 BCX8\">Svenskt N\u00e4ringsliv\u00a0<\/span><span class=\"NormalTextRun SCXW177821780 BCX8\">mena<\/span><span class=\"NormalTextRun SCXW177821780 BCX8\">r att<\/span><span class=\"NormalTextRun SCXW177821780 BCX8\">\u00a0<\/span><span class=\"NormalTextRun SCXW177821780 BCX8\">budgetf\u00f6rslaget<\/span><span class=\"NormalTextRun SCXW177821780 BCX8\">\u00a0<\/span><span class=\"NormalTextRun SCXW177821780 BCX8\">inneb\u00e4r\u00a0<\/span><span class=\"NormalTextRun SCXW177821780 BCX8\">en modernisering, s\u00e4rskilt n\u00e4r det g\u00e4ller konkurrenskraft<\/span><span class=\"NormalTextRun SCXW177821780 BCX8\">. D\u00e4remot \u00e4r\u00a0<\/span><span class=\"NormalTextRun SCXW177821780 BCX8\">fr\u00e5gan om vad som driver\u00a0<\/span><span class=\"NormalTextRun SCXW177821780 BCX8\">konkurrenskraft<\/span><span class=\"NormalTextRun SCXW177821780 BCX8\">\u00a0en fr\u00e5ga\u00a0<\/span><span class=\"NormalTextRun SCXW177821780 BCX8\">som splittrar\u00a0<\/span><span class=\"NormalTextRun SCXW177821780 BCX8\">EU<\/span><span class=\"NormalTextRun SCXW177821780 BCX8\">:s medlemsstater<\/span><span class=\"NormalTextRun SCXW177821780 BCX8\">\u00a0och som \u00e4r central<\/span><span class=\"NormalTextRun SCXW177821780 BCX8\">\u00a0f\u00f6r hur EU<\/span><span class=\"NormalTextRun SCXW177821780 BCX8\">&#8211;<\/span><span class=\"NormalTextRun SCXW177821780 BCX8\">medel kommer att riktas fram\u00f6ver<\/span><span class=\"NormalTextRun SCXW177821780 BCX8\">.\u00a0<\/span><span class=\"NormalTextRun SCXW177821780 BCX8\">Ska EU g\u00e5 mot<\/span><span class=\"NormalTextRun SCXW177821780 BCX8\">\u00a0mer marknadsinterventioner genom att\u00a0<\/span><span class=\"NormalTextRun AdvancedProofingIssueV2Themed SCXW177821780 BCX8\">t.ex.<\/span><span class=\"NormalTextRun SCXW177821780 BCX8\">\u00a0l\u00e4tta p\u00e5 regler om statsst\u00f6d eller\u00a0<\/span><span class=\"NormalTextRun SCXW177821780 BCX8\">ska fokus vara att f\u00f6rb\u00e4ttra<\/span><span class=\"NormalTextRun SCXW177821780 BCX8\">\u00a0ramvillkor<\/span><span class=\"NormalTextRun SCXW177821780 BCX8\">en f\u00f6r den inre marknaden?\u00a0<\/span><span class=\"NormalTextRun SCXW177821780 BCX8\">EU har\u00a0<\/span><span class=\"NormalTextRun SCXW177821780 BCX8\">under senare \u00e5r lagt fram flera regelf\u00f6renklingspaket<\/span><span class=\"NormalTextRun SCXW177821780 BCX8\">\u00a0<\/span><span class=\"NormalTextRun SCXW177821780 BCX8\">inom olika omr\u00e5den<\/span><span class=\"NormalTextRun SCXW177821780 BCX8\">,<\/span><span class=\"NormalTextRun SCXW177821780 BCX8\">\u00a0men\u00a0<\/span><span class=\"NormalTextRun SCXW177821780 BCX8\">\u00e4r det tillr\u00e4ckligt<\/span><span class=\"NormalTextRun SCXW177821780 BCX8\">?\u00a0<\/span><span class=\"NormalTextRun SCXW177821780 BCX8\">\u00a0<\/span><\/span><span class=\"EOP SCXW177821780 BCX8\" data-ccp-props=\"{}\">\u00a0<\/span><\/p>\n<h4 style=\"text-align: justify;\"><em><span class=\"NormalTextRun SCXW34012008 BCX8\" data-ccp-parastyle=\"heading 4\">B<\/span><span class=\"NormalTextRun SCXW34012008 BCX8\" data-ccp-parastyle=\"heading 4\">eslut som beh\u00f6ver fattas idag<\/span><span class=\"NormalTextRun SCXW34012008 BCX8\" data-ccp-parastyle=\"heading 4\">\u00a0f\u00f6r att hantera framtidens utmaningar<\/span><\/em><\/h4>\n<p style=\"text-align: justify;\"><span class=\"TextRun SCXW29707071 BCX8\" lang=\"SV-SE\" xml:lang=\"SV-SE\" data-contrast=\"auto\"><span class=\"NormalTextRun SCXW29707071 BCX8\">Efter lunch f\u00f6ljde flera inspirerande f\u00f6redrag <\/span><span class=\"NormalTextRun SCXW29707071 BCX8\">om hur\u00a0<\/span><span class=\"NormalTextRun SCXW29707071 BCX8\">innovation \u00e4r en drivkraft f\u00f6r de<\/span><span class=\"NormalTextRun SCXW29707071 BCX8\">\u00a0<\/span><span class=\"NormalTextRun SCXW29707071 BCX8\">samh\u00e4llsf\u00f6r\u00e4ndring<\/span><span class=\"NormalTextRun SCXW29707071 BCX8\">ar<\/span><span class=\"NormalTextRun SCXW29707071 BCX8\">\u00a0som m\u00e5ste till f\u00f6r att\u00a0<\/span><span class=\"NormalTextRun SCXW29707071 BCX8\">vi ska klara av de stora h\u00e5llbarhetsutmaningar som vi st\u00e5r inf\u00f6r.\u00a0<\/span><span class=\"NormalTextRun SCXW29707071 BCX8\">Entrepren\u00f6ren\u00a0<\/span><span class=\"NormalTextRun SCXW29707071 BCX8\">Stefan Krook<\/span><span class=\"NormalTextRun SCXW29707071 BCX8\">\u00a0<\/span><span class=\"NormalTextRun SCXW29707071 BCX8\">menar\u00a0<\/span><span class=\"NormalTextRun SCXW29707071 BCX8\">att\u00a0<\/span><span class=\"NormalTextRun SCXW29707071 BCX8\">innovation\u00a0<\/span><span class=\"NormalTextRun SCXW29707071 BCX8\">kan skapas<\/span><span class=\"NormalTextRun SCXW29707071 BCX8\">\u00a0utifr\u00e5n\u00a0<\/span><span class=\"NormalTextRun SCXW29707071 BCX8\">de begr\u00e4nsningar som finns och att\u00a0<\/span><span class=\"NormalTextRun SCXW29707071 BCX8\">Europa<\/span><span class=\"NormalTextRun SCXW29707071 BCX8\">, som st\u00e5r f\u00f6r 17% av v\u00e4rldens ekonomi<\/span><span class=\"NormalTextRun SCXW29707071 BCX8\">,<\/span><span class=\"NormalTextRun SCXW29707071 BCX8\">\u00a0kan skapa stora f\u00f6r\u00e4n<\/span><span class=\"NormalTextRun SCXW29707071 BCX8\">d<\/span><span class=\"NormalTextRun SCXW29707071 BCX8\">ringar enbart med v\u00e5r k\u00f6pkraft.\u00a0<\/span><span class=\"NormalTextRun SCXW29707071 BCX8\">Fr\u00e5n innovation<\/span><span class=\"NormalTextRun SCXW29707071 BCX8\">sf\u00f6retaget<\/span><span class=\"NormalTextRun SCXW29707071 BCX8\">\u00a0MAD (Make a\u00a0<\/span><span class=\"NormalTextRun SpellingErrorV2Themed SCXW29707071 BCX8\">difference<\/span><span class=\"NormalTextRun SCXW29707071 BCX8\">)<\/span><span class=\"NormalTextRun SCXW29707071 BCX8\">, som jobbar med att ta fram fram<\/span><span class=\"NormalTextRun SCXW29707071 BCX8\">tids<\/span><span class=\"NormalTextRun SCXW29707071 BCX8\">prototyper<\/span><span class=\"NormalTextRun SCXW29707071 BCX8\">\u00a0f\u00f6r att skapa dialog om viktiga samh\u00e4l<\/span><span class=\"NormalTextRun SCXW29707071 BCX8\">lsfr\u00e5gor,\u00a0<\/span><span class=\"NormalTextRun SCXW29707071 BCX8\">fick konferensdeltagarna ta del av hur skapandet av fysiska\u00a0<\/span><span class=\"NormalTextRun SCXW29707071 BCX8\">milj\u00f6er<\/span><span class=\"NormalTextRun SCXW29707071 BCX8\">\u00a0<\/span><span class=\"NormalTextRun SCXW29707071 BCX8\">utifr\u00e5n fiktiva framtidsscenarion\u00a0<\/span><span class=\"NormalTextRun SCXW29707071 BCX8\">ska hj\u00e4lpa till att<\/span><span class=\"NormalTextRun SCXW29707071 BCX8\">\u00a0skapa mer v\u00e4lgrundade beslut och kraftfulla handlingar.\u00a0<\/span><span class=\"NormalTextRun SCXW29707071 BCX8\">En typ av framtidsprototyp var o<\/span><span class=\"NormalTextRun SCXW29707071 BCX8\">cks\u00e5\u00a0<\/span><span class=\"NormalTextRun SCXW29707071 BCX8\">n\u00e5got som\u00a0<\/span><span class=\"NormalTextRun SCXW29707071 BCX8\">skapades i<\/span><span class=\"NormalTextRun SCXW29707071 BCX8\">\u00a0<\/span><span class=\"NormalTextRun SCXW29707071 BCX8\">det Vinnovafinansierade\u00a0<\/span><span class=\"NormalTextRun SCXW29707071 BCX8\">projekt<\/span><span class=\"NormalTextRun SCXW29707071 BCX8\">et\u00a0<\/span><span class=\"NormalTextRun SCXW29707071 BCX8\">\u201dEtt nytt recept f\u00f6r\u00a0<\/span><span class=\"NormalTextRun SpellingErrorV2Themed SCXW29707071 BCX8\">matsystemet<\/span><span class=\"NormalTextRun SCXW29707071 BCX8\">\u201d\u00a0<\/span><span class=\"NormalTextRun SCXW29707071 BCX8\">som\u00a0<\/span><span class=\"NormalTextRun SCXW29707071 BCX8\">Margareta\u00a0<\/span><span class=\"NormalTextRun SpellingErrorV2Themed SCXW29707071 BCX8\">Wallent\u00e9n<\/span><span class=\"NormalTextRun SCXW29707071 BCX8\">, innovationsstrateg p\u00e5 Region Sk\u00e5ne, sedan presenterade.\u00a0<\/span><span class=\"NormalTextRun SCXW29707071 BCX8\">Projektet\u00a0<\/span><span class=\"NormalTextRun SCXW29707071 BCX8\">syftar till att g\u00f6ra Malm\u00f6 Stad mer h\u00e5llbar<\/span><span class=\"NormalTextRun SCXW29707071 BCX8\">t<\/span><span class=\"NormalTextRun SCXW29707071 BCX8\">\u00a0och sj\u00e4lvf\u00f6rs\u00f6rjande avseende mat.<\/span><span class=\"NormalTextRun SCXW29707071 BCX8\">\u00a0<\/span><span class=\"NormalTextRun SCXW29707071 BCX8\">E<\/span><span class=\"NormalTextRun SCXW29707071 BCX8\">n central betydelse f\u00f6r projektets genomf\u00f6rande har<\/span><span class=\"NormalTextRun SCXW29707071 BCX8\">,<\/span><span class=\"NormalTextRun SCXW29707071 BCX8\">\u00a0enligt\u00a0<\/span><span class=\"NormalTextRun SpellingErrorV2Themed SCXW29707071 BCX8\">Wallent\u00e9n<\/span><span class=\"NormalTextRun SCXW29707071 BCX8\">,<\/span><span class=\"NormalTextRun SCXW29707071 BCX8\">\u00a0varit att politiker, beslutsfattare och tj\u00e4nstepersoner<\/span><span class=\"NormalTextRun SCXW29707071 BCX8\">\u00a0<\/span><span class=\"NormalTextRun SCXW29707071 BCX8\">varit med p\u00e5 t\u00e5get fr\u00e5n start.\u00a0<\/span><span class=\"NormalTextRun SCXW29707071 BCX8\">Att vara innovativ inom\u00a0<\/span><span class=\"NormalTextRun SCXW29707071 BCX8\">de\u00a0<\/span><span class=\"NormalTextRun SCXW29707071 BCX8\">begr\u00e4nsningar som den offentliga verksamheten\u00a0<\/span><span class=\"NormalTextRun SCXW29707071 BCX8\">har att f\u00f6rh\u00e5lla sig till<\/span><span class=\"NormalTextRun SCXW29707071 BCX8\">\u00a0kan ibland vara en utmaning<\/span><span class=\"NormalTextRun SCXW29707071 BCX8\">, men att v\u00e5ga utmana har varit en viktig framg\u00e5ngsfaktor menar\u00a0<\/span><span class=\"NormalTextRun SpellingErrorV2Themed SCXW29707071 BCX8\">Wallent\u00e9n<\/span><span class=\"NormalTextRun SCXW29707071 BCX8\">.\u00a0<\/span><span class=\"NormalTextRun SCXW29707071 BCX8\">\u00a0<\/span><\/span><\/p>\n<figure id=\"attachment_9687\" aria-describedby=\"caption-attachment-9687\" style=\"width: 518px\" class=\"wp-caption aligncenter\"><img loading=\"lazy\" decoding=\"async\" class=\"wp-image-9687 size-full\" src=\"https:\/\/www.sbhss.eu\/wp-content\/uploads\/2026\/04\/europaforum3.png\" alt=\"\" width=\"518\" height=\"388\" \/><figcaption id=\"caption-attachment-9687\" class=\"wp-caption-text\"><em>Margareta Wallent\u00e9n, Region Sk\u00e5ne.<\/em><\/figcaption><\/figure>\n<h4 style=\"text-align: justify;\"><em><span class=\"TextRun SCXW62709760 BCX8\" lang=\"SV-SE\" xml:lang=\"SV-SE\" data-contrast=\"none\"><span class=\"NormalTextRun SCXW62709760 BCX8\" data-ccp-parastyle=\"heading 4\">Europaforum 2027<\/span><\/span><span class=\"EOP Selected SCXW62709760 BCX8\" data-ccp-props=\"{&quot;134245418&quot;:true,&quot;134245529&quot;:true,&quot;335559738&quot;:80,&quot;335559739&quot;:40}\">\u00a0<\/span><\/em><\/h4>\n<p style=\"text-align: justify;\"><span class=\"TextRun SCXW233058645 BCX8\" lang=\"SV-SE\" xml:lang=\"SV-SE\" data-contrast=\"auto\"><span class=\"NormalTextRun SCXW233058645 BCX8\">Traditionsenligt \u00f6verl\u00e4mnades\u00a0<\/span><span class=\"NormalTextRun SCXW233058645 BCX8\">i slutet av dagen<\/span><span class=\"NormalTextRun SCXW233058645 BCX8\">\u00a0Europaforums\u00a0<\/span><span class=\"NormalTextRun SpellingErrorV2Themed SCXW233058645 BCX8\">budkav<\/span><span class=\"NormalTextRun SpellingErrorV2Themed SCXW233058645 BCX8\">el<\/span><span class=\"NormalTextRun SCXW233058645 BCX8\">\u00a0till den region som st\u00e5r n\u00e4st i tur att anordna\u00a0<\/span><span class=\"NormalTextRun SCXW233058645 BCX8\">konferensen<\/span><span class=\"NormalTextRun SCXW233058645 BCX8\">, n\u00e4mligen Region Halland. Mona Glans, regional utvecklingsdirekt\u00f6r i Region Blekinge, \u00f6verl\u00e4mnade s\u00e5ledes stafettpinnen till\u00a0<\/span><span class=\"NormalTextRun SCXW233058645 BCX8\">Helene Andersson, regionstyrelsens\u00a0<\/span><span class=\"NormalTextRun SCXW233058645 BCX8\">f\u00f6rste\u00a0<\/span><span class=\"NormalTextRun SCXW233058645 BCX8\">vice ordf\u00f6rande<\/span><span class=\"NormalTextRun SCXW233058645 BCX8\">\u00a0i Region Halland.\u00a0<\/span><span class=\"NormalTextRun SCXW233058645 BCX8\">Europaforum<\/span><span class=\"NormalTextRun SCXW233058645 BCX8\">\u00a02027 kommer anordnas gemensamt med\u00a0<\/span><span class=\"NormalTextRun SCXW233058645 BCX8\">V\u00e4stra G\u00f6talands<\/span><span class=\"NormalTextRun SCXW233058645 BCX8\">\u00a0motsvarighet\u00a0<\/span><span class=\"NormalTextRun SCXW233058645 BCX8\">&#8211; V<\/span><span class=\"NormalTextRun SpellingErrorV2Themed SCXW233058645 BCX8\">\u00e4stsvenska<\/span><span class=\"NormalTextRun SCXW233058645 BCX8\">\u00a0EU-konferensen.\u00a0<\/span><span class=\"NormalTextRun SCXW233058645 BCX8\">Till dess har vi f\u00f6rhoppningsvis en tydligare kompass fram\u00e5t vad g\u00e4ller l\u00e5ngtidsbudgeten, och garanterat\u00a0<\/span><span class=\"NormalTextRun SCXW233058645 BCX8\">ett g\u00e4ng nya viktiga beslut som kommer p\u00e5verka\u00a0<\/span><span class=\"NormalTextRun SCXW233058645 BCX8\">genomf\u00f6randet av det regionala uppdraget. Vi tackar Region Blekinge f\u00f6r ett inspirerande Europaforum 2026!<\/span><\/span><span class=\"EOP Selected SCXW233058645 BCX8\" data-ccp-props=\"{}\">\u00a0<\/span><\/p>\n<figure id=\"attachment_9689\" aria-describedby=\"caption-attachment-9689\" style=\"width: 518px\" class=\"wp-caption aligncenter\"><img loading=\"lazy\" decoding=\"async\" class=\"wp-image-9689\" src=\"https:\/\/www.sbhss.eu\/wp-content\/uploads\/2026\/04\/europaforum4.png\" alt=\"\" width=\"518\" height=\"389\" \/><figcaption id=\"caption-attachment-9689\" class=\"wp-caption-text\"><em>\u00d6verl\u00e4mnandet av budkaveln fr\u00e5n Region Blekinge till Region Halland. <\/em><\/figcaption><\/figure>\n","protected":false},"excerpt":{"rendered":"<p>P\u00e5 \u00e5rets Europaforum\u00a0i Karlskrona var det\u00a0svensk\u00a0sj\u00f6farts 500-\u00e5riga historia\u00a0som formade\u00a0kulissen,\u00a0men dagens fokus var helt klart framtiden och hur vi b\u00e4st rustar oss f\u00f6r kommande utmaningar i en v\u00e4rld pr\u00e4glad av geopolitisk instabilitet, snabba teknikskiften och demografiska\u00a0f\u00f6r\u00e4ndringar.<\/p>\n","protected":false},"author":27,"featured_media":9719,"comment_status":"closed","ping_status":"closed","sticky":false,"template":"","format":"standard","meta":{"_acf_changed":false,"footnotes":""},"categories":[3],"tags":[457,329,127,628,64,30,407,42,189,29,222,128,543,132,70,68,350,173,401,130,462,711,165,138,166,399,172,403],"class_list":["post-9684","post","type-post","status-publish","format-standard","has-post-thumbnail","hentry","category-okategoriserad","tag-ateranvandning-av-vatten","tag-blekinge","tag-bryssel","tag-brysselkontor","tag-commission","tag-eu","tag-eu-commission","tag-eu-kommissionen","tag-europaforum-sv","tag-europaparlamentet","tag-european-union","tag-jonkoping","tag-karlskrona","tag-mff","tag-ministerradet","tag-radet","tag-region-blekinge","tag-region-halland","tag-region-jonkoping-county","tag-region-jonkopings-lan","tag-region-kalmar-country","tag-region-kronoberg","tag-sbhss","tag-smaland","tag-smaland-blekinge-halland","tag-stambanor","tag-sverige","tag-sweden"],"acf":[],"yoast_head":"<!-- This site is optimized with the Yoast SEO plugin v27.2 - https:\/\/yoast.com\/product\/yoast-seo-wordpress\/ -->\n<title>Framsyn i fokus p\u00e5 Europaforum 2026 i Karlskrona - SBHSS<\/title>\n<meta name=\"robots\" content=\"index, follow, max-snippet:-1, max-image-preview:large, max-video-preview:-1\" \/>\n<link rel=\"canonical\" href=\"https:\/\/www.sbhss.eu\/sv\/framsyn-i-fokus-pa-europaforum-2026-i-karlskrona\/\" \/>\n<meta property=\"og:locale\" content=\"sv_SE\" \/>\n<meta property=\"og:type\" content=\"article\" \/>\n<meta property=\"og:title\" content=\"Framsyn i fokus p\u00e5 Europaforum 2026 i Karlskrona - SBHSS\" \/>\n<meta property=\"og:description\" content=\"P\u00e5 \u00e5rets Europaforum\u00a0i Karlskrona var det\u00a0svensk\u00a0sj\u00f6farts 500-\u00e5riga historia\u00a0som formade\u00a0kulissen,\u00a0men dagens fokus var helt klart framtiden och hur vi b\u00e4st rustar oss f\u00f6r kommande utmaningar i en v\u00e4rld pr\u00e4glad av geopolitisk instabilitet, snabba teknikskiften och demografiska\u00a0f\u00f6r\u00e4ndringar.\" \/>\n<meta property=\"og:url\" content=\"https:\/\/www.sbhss.eu\/sv\/framsyn-i-fokus-pa-europaforum-2026-i-karlskrona\/\" \/>\n<meta property=\"og:site_name\" content=\"SBHSS\" \/>\n<meta property=\"article:published_time\" content=\"2026-04-24T09:04:24+00:00\" \/>\n<meta property=\"article:modified_time\" content=\"2026-04-24T09:26:23+00:00\" \/>\n<meta property=\"og:image\" content=\"https:\/\/www.sbhss.eu\/wp-content\/uploads\/2026\/04\/euforum.jpg\" \/>\n\t<meta property=\"og:image:width\" content=\"568\" \/>\n\t<meta property=\"og:image:height\" content=\"426\" \/>\n\t<meta property=\"og:image:type\" content=\"image\/jpeg\" \/>\n<meta name=\"author\" content=\"Hanna Bodelsson\" \/>\n<meta name=\"twitter:card\" content=\"summary_large_image\" \/>\n<meta name=\"twitter:label1\" content=\"Skriven av\" \/>\n\t<meta name=\"twitter:data1\" content=\"Hanna Bodelsson\" \/>\n\t<meta name=\"twitter:label2\" content=\"Ber\u00e4knad l\u00e4stid\" \/>\n\t<meta name=\"twitter:data2\" content=\"6 minuter\" \/>\n<script type=\"application\/ld+json\" class=\"yoast-schema-graph\">{\"@context\":\"https:\/\/schema.org\",\"@graph\":[{\"@type\":\"Article\",\"@id\":\"https:\/\/www.sbhss.eu\/sv\/framsyn-i-fokus-pa-europaforum-2026-i-karlskrona\/#article\",\"isPartOf\":{\"@id\":\"https:\/\/www.sbhss.eu\/sv\/framsyn-i-fokus-pa-europaforum-2026-i-karlskrona\/\"},\"author\":{\"name\":\"Hanna Bodelsson\",\"@id\":\"https:\/\/www.sbhss.eu\/#\/schema\/person\/a4f6cc48583a193ade31f80bb6c4c559\"},\"headline\":\"Framsyn i fokus p\u00e5 Europaforum 2026 i Karlskrona\",\"datePublished\":\"2026-04-24T09:04:24+00:00\",\"dateModified\":\"2026-04-24T09:26:23+00:00\",\"mainEntityOfPage\":{\"@id\":\"https:\/\/www.sbhss.eu\/sv\/framsyn-i-fokus-pa-europaforum-2026-i-karlskrona\/\"},\"wordCount\":1175,\"image\":{\"@id\":\"https:\/\/www.sbhss.eu\/sv\/framsyn-i-fokus-pa-europaforum-2026-i-karlskrona\/#primaryimage\"},\"thumbnailUrl\":\"https:\/\/www.sbhss.eu\/wp-content\/uploads\/2026\/04\/euforum.jpg\",\"keywords\":[\"\u00c5teranv\u00e4ndning av vatten\",\"Blekinge\",\"Bryssel\",\"brysselkontor\",\"Commission\",\"EU\",\"EU commission\",\"EU-kommissionen\",\"Europaforum\",\"Europaparlamentet\",\"European union\",\"j\u00f6nk\u00f6ping\",\"karlskrona\",\"MFF\",\"ministerr\u00e5det\",\"r\u00e5det\",\"Region Blekinge\",\"Region Halland\",\"Region J\u00f6nk\u00f6ping County\",\"Region J\u00f6nk\u00f6pings L\u00e4n\",\"Region Kalmar Country\",\"region kronoberg\",\"SBHSS\",\"Sm\u00e5land\",\"Sm\u00e5land Blekinge Halland\",\"stambanor\",\"Sverige\",\"Sweden\"],\"articleSection\":[\"Okategoriserad\"],\"inLanguage\":\"sv-SE\"},{\"@type\":\"WebPage\",\"@id\":\"https:\/\/www.sbhss.eu\/sv\/framsyn-i-fokus-pa-europaforum-2026-i-karlskrona\/\",\"url\":\"https:\/\/www.sbhss.eu\/sv\/framsyn-i-fokus-pa-europaforum-2026-i-karlskrona\/\",\"name\":\"Framsyn i fokus p\u00e5 Europaforum 2026 i Karlskrona - SBHSS\",\"isPartOf\":{\"@id\":\"https:\/\/www.sbhss.eu\/#website\"},\"primaryImageOfPage\":{\"@id\":\"https:\/\/www.sbhss.eu\/sv\/framsyn-i-fokus-pa-europaforum-2026-i-karlskrona\/#primaryimage\"},\"image\":{\"@id\":\"https:\/\/www.sbhss.eu\/sv\/framsyn-i-fokus-pa-europaforum-2026-i-karlskrona\/#primaryimage\"},\"thumbnailUrl\":\"https:\/\/www.sbhss.eu\/wp-content\/uploads\/2026\/04\/euforum.jpg\",\"datePublished\":\"2026-04-24T09:04:24+00:00\",\"dateModified\":\"2026-04-24T09:26:23+00:00\",\"author\":{\"@id\":\"https:\/\/www.sbhss.eu\/#\/schema\/person\/a4f6cc48583a193ade31f80bb6c4c559\"},\"breadcrumb\":{\"@id\":\"https:\/\/www.sbhss.eu\/sv\/framsyn-i-fokus-pa-europaforum-2026-i-karlskrona\/#breadcrumb\"},\"inLanguage\":\"sv-SE\",\"potentialAction\":[{\"@type\":\"ReadAction\",\"target\":[\"https:\/\/www.sbhss.eu\/sv\/framsyn-i-fokus-pa-europaforum-2026-i-karlskrona\/\"]}]},{\"@type\":\"ImageObject\",\"inLanguage\":\"sv-SE\",\"@id\":\"https:\/\/www.sbhss.eu\/sv\/framsyn-i-fokus-pa-europaforum-2026-i-karlskrona\/#primaryimage\",\"url\":\"https:\/\/www.sbhss.eu\/wp-content\/uploads\/2026\/04\/euforum.jpg\",\"contentUrl\":\"https:\/\/www.sbhss.eu\/wp-content\/uploads\/2026\/04\/euforum.jpg\",\"width\":568,\"height\":426},{\"@type\":\"BreadcrumbList\",\"@id\":\"https:\/\/www.sbhss.eu\/sv\/framsyn-i-fokus-pa-europaforum-2026-i-karlskrona\/#breadcrumb\",\"itemListElement\":[{\"@type\":\"ListItem\",\"position\":1,\"name\":\"Hem\",\"item\":\"https:\/\/www.sbhss.eu\/sv\/\"},{\"@type\":\"ListItem\",\"position\":2,\"name\":\"Framsyn i fokus p\u00e5 Europaforum 2026 i Karlskrona\"}]},{\"@type\":\"WebSite\",\"@id\":\"https:\/\/www.sbhss.eu\/#website\",\"url\":\"https:\/\/www.sbhss.eu\/\",\"name\":\"SBHSS\",\"description\":\"\",\"potentialAction\":[{\"@type\":\"SearchAction\",\"target\":{\"@type\":\"EntryPoint\",\"urlTemplate\":\"https:\/\/www.sbhss.eu\/?s={search_term_string}\"},\"query-input\":{\"@type\":\"PropertyValueSpecification\",\"valueRequired\":true,\"valueName\":\"search_term_string\"}}],\"inLanguage\":\"sv-SE\"},{\"@type\":\"Person\",\"@id\":\"https:\/\/www.sbhss.eu\/#\/schema\/person\/a4f6cc48583a193ade31f80bb6c4c559\",\"name\":\"Hanna Bodelsson\",\"image\":{\"@type\":\"ImageObject\",\"inLanguage\":\"sv-SE\",\"@id\":\"https:\/\/secure.gravatar.com\/avatar\/82a6be8e932f090c49000b94ba63f6019b114955851a1d580c23c9f061edd2ea?s=96&d=mm&r=g\",\"url\":\"https:\/\/secure.gravatar.com\/avatar\/82a6be8e932f090c49000b94ba63f6019b114955851a1d580c23c9f061edd2ea?s=96&d=mm&r=g\",\"contentUrl\":\"https:\/\/secure.gravatar.com\/avatar\/82a6be8e932f090c49000b94ba63f6019b114955851a1d580c23c9f061edd2ea?s=96&d=mm&r=g\",\"caption\":\"Hanna Bodelsson\"},\"sameAs\":[\"http:\/\/sbhss.eu\"],\"url\":\"https:\/\/www.sbhss.eu\/sv\/author\/hanna\/\"}]}<\/script>\n<!-- \/ Yoast SEO plugin. -->","yoast_head_json":{"title":"Framsyn i fokus p\u00e5 Europaforum 2026 i Karlskrona - SBHSS","robots":{"index":"index","follow":"follow","max-snippet":"max-snippet:-1","max-image-preview":"max-image-preview:large","max-video-preview":"max-video-preview:-1"},"canonical":"https:\/\/www.sbhss.eu\/sv\/framsyn-i-fokus-pa-europaforum-2026-i-karlskrona\/","og_locale":"sv_SE","og_type":"article","og_title":"Framsyn i fokus p\u00e5 Europaforum 2026 i Karlskrona - SBHSS","og_description":"P\u00e5 \u00e5rets Europaforum\u00a0i Karlskrona var det\u00a0svensk\u00a0sj\u00f6farts 500-\u00e5riga historia\u00a0som formade\u00a0kulissen,\u00a0men dagens fokus var helt klart framtiden och hur vi b\u00e4st rustar oss f\u00f6r kommande utmaningar i en v\u00e4rld pr\u00e4glad av geopolitisk instabilitet, snabba teknikskiften och demografiska\u00a0f\u00f6r\u00e4ndringar.","og_url":"https:\/\/www.sbhss.eu\/sv\/framsyn-i-fokus-pa-europaforum-2026-i-karlskrona\/","og_site_name":"SBHSS","article_published_time":"2026-04-24T09:04:24+00:00","article_modified_time":"2026-04-24T09:26:23+00:00","og_image":[{"width":568,"height":426,"url":"https:\/\/www.sbhss.eu\/wp-content\/uploads\/2026\/04\/euforum.jpg","type":"image\/jpeg"}],"author":"Hanna Bodelsson","twitter_card":"summary_large_image","twitter_misc":{"Skriven av":"Hanna Bodelsson","Ber\u00e4knad l\u00e4stid":"6 minuter"},"schema":{"@context":"https:\/\/schema.org","@graph":[{"@type":"Article","@id":"https:\/\/www.sbhss.eu\/sv\/framsyn-i-fokus-pa-europaforum-2026-i-karlskrona\/#article","isPartOf":{"@id":"https:\/\/www.sbhss.eu\/sv\/framsyn-i-fokus-pa-europaforum-2026-i-karlskrona\/"},"author":{"name":"Hanna Bodelsson","@id":"https:\/\/www.sbhss.eu\/#\/schema\/person\/a4f6cc48583a193ade31f80bb6c4c559"},"headline":"Framsyn i fokus p\u00e5 Europaforum 2026 i Karlskrona","datePublished":"2026-04-24T09:04:24+00:00","dateModified":"2026-04-24T09:26:23+00:00","mainEntityOfPage":{"@id":"https:\/\/www.sbhss.eu\/sv\/framsyn-i-fokus-pa-europaforum-2026-i-karlskrona\/"},"wordCount":1175,"image":{"@id":"https:\/\/www.sbhss.eu\/sv\/framsyn-i-fokus-pa-europaforum-2026-i-karlskrona\/#primaryimage"},"thumbnailUrl":"https:\/\/www.sbhss.eu\/wp-content\/uploads\/2026\/04\/euforum.jpg","keywords":["\u00c5teranv\u00e4ndning av vatten","Blekinge","Bryssel","brysselkontor","Commission","EU","EU commission","EU-kommissionen","Europaforum","Europaparlamentet","European union","j\u00f6nk\u00f6ping","karlskrona","MFF","ministerr\u00e5det","r\u00e5det","Region Blekinge","Region Halland","Region J\u00f6nk\u00f6ping County","Region J\u00f6nk\u00f6pings L\u00e4n","Region Kalmar Country","region kronoberg","SBHSS","Sm\u00e5land","Sm\u00e5land Blekinge Halland","stambanor","Sverige","Sweden"],"articleSection":["Okategoriserad"],"inLanguage":"sv-SE"},{"@type":"WebPage","@id":"https:\/\/www.sbhss.eu\/sv\/framsyn-i-fokus-pa-europaforum-2026-i-karlskrona\/","url":"https:\/\/www.sbhss.eu\/sv\/framsyn-i-fokus-pa-europaforum-2026-i-karlskrona\/","name":"Framsyn i fokus p\u00e5 Europaforum 2026 i Karlskrona - SBHSS","isPartOf":{"@id":"https:\/\/www.sbhss.eu\/#website"},"primaryImageOfPage":{"@id":"https:\/\/www.sbhss.eu\/sv\/framsyn-i-fokus-pa-europaforum-2026-i-karlskrona\/#primaryimage"},"image":{"@id":"https:\/\/www.sbhss.eu\/sv\/framsyn-i-fokus-pa-europaforum-2026-i-karlskrona\/#primaryimage"},"thumbnailUrl":"https:\/\/www.sbhss.eu\/wp-content\/uploads\/2026\/04\/euforum.jpg","datePublished":"2026-04-24T09:04:24+00:00","dateModified":"2026-04-24T09:26:23+00:00","author":{"@id":"https:\/\/www.sbhss.eu\/#\/schema\/person\/a4f6cc48583a193ade31f80bb6c4c559"},"breadcrumb":{"@id":"https:\/\/www.sbhss.eu\/sv\/framsyn-i-fokus-pa-europaforum-2026-i-karlskrona\/#breadcrumb"},"inLanguage":"sv-SE","potentialAction":[{"@type":"ReadAction","target":["https:\/\/www.sbhss.eu\/sv\/framsyn-i-fokus-pa-europaforum-2026-i-karlskrona\/"]}]},{"@type":"ImageObject","inLanguage":"sv-SE","@id":"https:\/\/www.sbhss.eu\/sv\/framsyn-i-fokus-pa-europaforum-2026-i-karlskrona\/#primaryimage","url":"https:\/\/www.sbhss.eu\/wp-content\/uploads\/2026\/04\/euforum.jpg","contentUrl":"https:\/\/www.sbhss.eu\/wp-content\/uploads\/2026\/04\/euforum.jpg","width":568,"height":426},{"@type":"BreadcrumbList","@id":"https:\/\/www.sbhss.eu\/sv\/framsyn-i-fokus-pa-europaforum-2026-i-karlskrona\/#breadcrumb","itemListElement":[{"@type":"ListItem","position":1,"name":"Hem","item":"https:\/\/www.sbhss.eu\/sv\/"},{"@type":"ListItem","position":2,"name":"Framsyn i fokus p\u00e5 Europaforum 2026 i Karlskrona"}]},{"@type":"WebSite","@id":"https:\/\/www.sbhss.eu\/#website","url":"https:\/\/www.sbhss.eu\/","name":"SBHSS","description":"","potentialAction":[{"@type":"SearchAction","target":{"@type":"EntryPoint","urlTemplate":"https:\/\/www.sbhss.eu\/?s={search_term_string}"},"query-input":{"@type":"PropertyValueSpecification","valueRequired":true,"valueName":"search_term_string"}}],"inLanguage":"sv-SE"},{"@type":"Person","@id":"https:\/\/www.sbhss.eu\/#\/schema\/person\/a4f6cc48583a193ade31f80bb6c4c559","name":"Hanna Bodelsson","image":{"@type":"ImageObject","inLanguage":"sv-SE","@id":"https:\/\/secure.gravatar.com\/avatar\/82a6be8e932f090c49000b94ba63f6019b114955851a1d580c23c9f061edd2ea?s=96&d=mm&r=g","url":"https:\/\/secure.gravatar.com\/avatar\/82a6be8e932f090c49000b94ba63f6019b114955851a1d580c23c9f061edd2ea?s=96&d=mm&r=g","contentUrl":"https:\/\/secure.gravatar.com\/avatar\/82a6be8e932f090c49000b94ba63f6019b114955851a1d580c23c9f061edd2ea?s=96&d=mm&r=g","caption":"Hanna Bodelsson"},"sameAs":["http:\/\/sbhss.eu"],"url":"https:\/\/www.sbhss.eu\/sv\/author\/hanna\/"}]}},"_links":{"self":[{"href":"https:\/\/www.sbhss.eu\/sv\/wp-json\/wp\/v2\/posts\/9684","targetHints":{"allow":["GET"]}}],"collection":[{"href":"https:\/\/www.sbhss.eu\/sv\/wp-json\/wp\/v2\/posts"}],"about":[{"href":"https:\/\/www.sbhss.eu\/sv\/wp-json\/wp\/v2\/types\/post"}],"author":[{"embeddable":true,"href":"https:\/\/www.sbhss.eu\/sv\/wp-json\/wp\/v2\/users\/27"}],"replies":[{"embeddable":true,"href":"https:\/\/www.sbhss.eu\/sv\/wp-json\/wp\/v2\/comments?post=9684"}],"version-history":[{"count":21,"href":"https:\/\/www.sbhss.eu\/sv\/wp-json\/wp\/v2\/posts\/9684\/revisions"}],"predecessor-version":[{"id":9728,"href":"https:\/\/www.sbhss.eu\/sv\/wp-json\/wp\/v2\/posts\/9684\/revisions\/9728"}],"wp:featuredmedia":[{"embeddable":true,"href":"https:\/\/www.sbhss.eu\/sv\/wp-json\/wp\/v2\/media\/9719"}],"wp:attachment":[{"href":"https:\/\/www.sbhss.eu\/sv\/wp-json\/wp\/v2\/media?parent=9684"}],"wp:term":[{"taxonomy":"category","embeddable":true,"href":"https:\/\/www.sbhss.eu\/sv\/wp-json\/wp\/v2\/categories?post=9684"},{"taxonomy":"post_tag","embeddable":true,"href":"https:\/\/www.sbhss.eu\/sv\/wp-json\/wp\/v2\/tags?post=9684"}],"curies":[{"name":"wp","href":"https:\/\/api.w.org\/{rel}","templated":true}]}}