{"id":9731,"date":"2026-04-24T11:27:44","date_gmt":"2026-04-24T11:27:44","guid":{"rendered":"https:\/\/www.sbhss.eu\/?p=9731"},"modified":"2026-04-27T07:26:11","modified_gmt":"2026-04-27T07:26:11","slug":"eu-reviderar-det-framtida-regelverket-for-offentlig-upphandling-en-balansakt","status":"publish","type":"post","link":"https:\/\/www.sbhss.eu\/sv\/eu-reviderar-det-framtida-regelverket-for-offentlig-upphandling-en-balansakt\/","title":{"rendered":"EU reviderar det framtida regelverket f\u00f6r offentlig upphandling \u2013 en balansakt"},"content":{"rendered":"<p style=\"text-align: justify;\"><em><span class=\"TextRun SCXW171092513 BCX8\" lang=\"SV-SE\" xml:lang=\"SV-SE\" data-contrast=\"auto\"><span class=\"NormalTextRun SCXW171092513 BCX8\">Under 2025 meddelade EU-kommissionen att de ska revidera 2014 \u00e5rs<\/span><span class=\"NormalTextRun SCXW171092513 BCX8\">\u00a0direktiv\u00a0<\/span><span class=\"NormalTextRun SCXW171092513 BCX8\">f\u00f6r offentlig upphandling, och ett f\u00f6rslag v\u00e4ntas\u00a0<\/span><span class=\"NormalTextRun SCXW171092513 BCX8\">presenteras den 1 juli\u00a0<\/span><span class=\"NormalTextRun SCXW171092513 BCX8\">2026<\/span><span class=\"NormalTextRun SCXW171092513 BCX8\">. I Sverige uppgick offentlig upphandling till cirka 18 procent av BNP \u00e5r 2023, och de nya direktiven kan inneb\u00e4ra stora konsekvenser f\u00f6r hur offentliga akt\u00f6rer genomf\u00f6r upphandlingar. I den h\u00e4r artikeln \u00e4mnar SBHSS d\u00e4rf\u00f6r ge en \u00f6versikt \u00f6ver vad som h\u00e4nder p\u00e5 omr\u00e5det, och varf\u00f6r det f\u00f6r regionerna kan bli en betydande fr\u00e5ga att f\u00f6lja fram\u00f6ver.<\/span><\/span><span class=\"EOP Selected SCXW171092513 BCX8\" data-ccp-props=\"{&quot;335551550&quot;:6,&quot;335551620&quot;:6}\">\u00a0<\/span><\/em><\/p>\n<p style=\"text-align: justify;\"><!--more--><\/p>\n<h4 style=\"text-align: justify;\"><em><span class=\"TextRun SCXW15926393 BCX8\" lang=\"SV-SE\" xml:lang=\"SV-SE\" data-contrast=\"auto\"><span class=\"NormalTextRun SCXW15926393 BCX8\">Hur reglerar EU offentlig upphandling?<\/span><\/span><span class=\"EOP Selected SCXW15926393 BCX8\" data-ccp-props=\"{&quot;335551550&quot;:6,&quot;335551620&quot;:6}\">\u00a0<\/span><\/em><\/h4>\n<p style=\"text-align: justify;\"><span class=\"TextRun SCXW148219027 BCX8\" lang=\"SV-SE\" xml:lang=\"SV-SE\" data-contrast=\"auto\"><span class=\"NormalTextRun CommentStart CommentHighlightPipeRest CommentHighlightRest SCXW148219027 BCX8\">Offentlig upphandling\u00a0<\/span><span class=\"NormalTextRun CommentHighlightRest SCXW148219027 BCX8\">spelar en betydande roll i Sveriges ekonomi\u00a0<\/span><span class=\"NormalTextRun CommentHighlightRest SCXW148219027 BCX8\">och idag<\/span><span class=\"NormalTextRun CommentHighlightRest SCXW148219027 BCX8\">\u00a0st\u00e5r\u00a0<\/span><span class=\"NormalTextRun CommentHighlightRest SCXW148219027 BCX8\">offentliga ink\u00f6p f\u00f6r ungef\u00e4r en sj\u00e4ttedel av Sveriges BNP.<\/span><span class=\"NormalTextRun CommentHighlightRest SCXW148219027 BCX8\">\u00a0<\/span><span class=\"NormalTextRun CommentHighlightRest SCXW148219027 BCX8\">Dagens<\/span><\/span><span class=\"TrackChangeTextInsertion TrackedChange SCXW148219027 BCX8\"><span class=\"TextRun SCXW148219027 BCX8\" lang=\"SV-SE\" xml:lang=\"SV-SE\" data-contrast=\"auto\"><span class=\"NormalTextRun CommentHighlightRest SCXW148219027 BCX8\">\u00a0<\/span><\/span><\/span><span class=\"TextRun SCXW148219027 BCX8\" lang=\"SV-SE\" xml:lang=\"SV-SE\" data-contrast=\"auto\"><span class=\"NormalTextRun CommentHighlightRest SCXW148219027 BCX8\">lagstiftning<\/span><span class=\"NormalTextRun CommentHighlightRest SCXW148219027 BCX8\">\u00a0etablerades genom lagen om offentlig upphandling (LOU), som tr\u00e4dde i kraft 1994. Sedan Sveriges intr\u00e4de i EU 1995 har lagstiftningen anpassats till EU:s regelverk, s\u00e4rskilt\u00a0<\/span><span class=\"NormalTextRun CommentHighlightRest SCXW148219027 BCX8\">vid<\/span><span class=\"NormalTextRun CommentHighlightRest SCXW148219027 BCX8\">\u00a0st\u00f6rre\u00a0<\/span><span class=\"NormalTextRun CommentHighlightRest SCXW148219027 BCX8\">EU-<\/span><span class=\"NormalTextRun CommentHighlightRest SCXW148219027 BCX8\">reformer 2004 och\u00a0<\/span><span class=\"NormalTextRun CommentHighlightRest SCXW148219027 BCX8\">senast\u00a0<\/span><span class=\"NormalTextRun CommentHighlightRest SCXW148219027 BCX8\">2014, d\u00e5 de nu g\u00e4llande direktiven antogs.<\/span><span class=\"NormalTextRun CommentHighlightPipeRest SCXW148219027 BCX8\">\u00a0I nul\u00e4get regleras offentlig upphandling i EU genom tre separata direktiv<\/span><span class=\"NormalTextRun SCXW148219027 BCX8\">, som\u00a0<\/span><span class=\"NormalTextRun SCXW148219027 BCX8\">inf\u00f6rdes i Sveriges nuvarande LOU 2016.<\/span><\/span><span class=\"EOP Selected SCXW148219027 BCX8\" data-ccp-props=\"{&quot;335551550&quot;:6,&quot;335551620&quot;:6}\">\u00a0<\/span><\/p>\n<p style=\"text-align: justify;\"><span data-ccp-props=\"{&quot;335551550&quot;:6,&quot;335551620&quot;:6}\"> <img loading=\"lazy\" decoding=\"async\" class=\"wp-image-9738 size-full aligncenter\" src=\"https:\/\/www.sbhss.eu\/wp-content\/uploads\/2026\/04\/skarmbild-1.png\" alt=\"\" width=\"669\" height=\"292\" \/><\/span><\/p>\n<p style=\"text-align: justify;\"><span class=\"TextRun SCXW261332641 BCX8\" lang=\"SV-SE\" xml:lang=\"SV-SE\" data-contrast=\"auto\"><span class=\"NormalTextRun SCXW261332641 BCX8\">Offentlig upphandling utg\u00f6r 1<\/span><span class=\"NormalTextRun SCXW261332641 BCX8\">4<\/span><span class=\"NormalTextRun SCXW261332641 BCX8\">% av EU:s samlade BNP och spelar d\u00e4rf\u00f6r en central\u00a0<\/span><span class=\"NormalTextRun SCXW261332641 BCX8\">roll i<\/span><span class=\"NormalTextRun SCXW261332641 BCX8\">\u00a0den inre marknaden och ekonomin i stort.\u00a0<\/span><span class=\"NormalTextRun SCXW261332641 BCX8\">M\u00e5let med\u00a0<\/span><span class=\"NormalTextRun SCXW261332641 BCX8\">ett gemensamt europeiskt regelverk f\u00f6r<\/span><span class=\"NormalTextRun SCXW261332641 BCX8\">\u00a0offentlig upphandling bygger i grunden p\u00e5 att skapa och uppr\u00e4tth\u00e5lla den inre marknaden genom en transparent, regelstyrd och effektiv upphandlingsprocess. Samtidigt har upphandlingens roll \u00f6ver tid breddats och anv\u00e4nds i allt h\u00f6gre grad som ett verktyg f\u00f6r politiska m\u00e5l<\/span><span class=\"NormalTextRun SCXW261332641 BCX8\">,<\/span><span class=\"NormalTextRun SCXW261332641 BCX8\">\u00a0s\u00e5som milj\u00f6- och\u00a0<\/span><span class=\"NormalTextRun SpellingErrorV2Themed SCXW261332641 BCX8\">klimatpolitik<\/span><span class=\"NormalTextRun SCXW261332641 BCX8\">, innovation och\u00a0<\/span><span class=\"NormalTextRun SCXW261332641 BCX8\">p\u00e5 sistone<\/span><span class=\"NormalTextRun SCXW261332641 BCX8\"> allt mer som ett s\u00e4tt att s\u00e4kra sj\u00e4lvst\u00e4ndighet och minska det europeiska beroende av utomeuropeiska leveranskedjor.<\/span><span class=\"NormalTextRun SCXW261332641 BCX8\">\u00a0<\/span><span class=\"NormalTextRun SCXW261332641 BCX8\">D<\/span><span class=\"NormalTextRun SCXW261332641 BCX8\">et\u00a0<\/span><span class=\"NormalTextRun SCXW261332641 BCX8\">nya geopolitiska l\u00e4get har \u00f6ppnat upp fr\u00e5gor\u00a0<\/span><span class=\"NormalTextRun SCXW261332641 BCX8\">kring frihandel<\/span><span class=\"NormalTextRun SCXW261332641 BCX8\">s roll och eventuella begr\u00e4nsningar<\/span><span class=\"NormalTextRun SCXW261332641 BCX8\">.<\/span><span class=\"NormalTextRun SCXW261332641 BCX8\">\u00a0<\/span><span class=\"NormalTextRun SCXW261332641 BCX8\">EU har i grunden varit drivande f\u00f6r frihandel med Sverige som en av dess fr\u00e4msta f\u00f6respr\u00e5kare medan\u00a0<\/span><span class=\"NormalTextRun SCXW261332641 BCX8\">l\u00e4nder som Frankrike\u00a0<\/span><span class=\"NormalTextRun SCXW261332641 BCX8\">l\u00e4nge tryckt<\/span><span class=\"NormalTextRun SCXW261332641 BCX8\">\u00a0p\u00e5 en\u00a0<\/span><span class=\"NormalTextRun SCXW261332641 BCX8\">mer\u00a0<\/span><span class=\"NormalTextRun CommentStart CommentHighlightPipeRest CommentHighlightRest SCXW261332641 BCX8\">protektionistisk\u00a0<\/span><span class=\"NormalTextRun CommentHighlightPipeRest SCXW261332641 BCX8\">linje.\u00a0<\/span><span class=\"NormalTextRun SCXW261332641 BCX8\">Skiljelinjen har konkretiserats i slagordet \u201dBuy\u00a0<\/span><span class=\"NormalTextRun SpellingErrorV2Themed SCXW261332641 BCX8\">European<\/span><span class=\"NormalTextRun SCXW261332641 BCX8\">\u201d, som blivit en het fr\u00e5ga inf\u00f6r den kommande lagstiftningen om offentlig upphandling<\/span><span class=\"NormalTextRun SCXW261332641 BCX8\">\u00a0d\u00e5 diskussioner\u00a0<\/span><span class=\"NormalTextRun SCXW261332641 BCX8\">blossat upp<\/span><span class=\"NormalTextRun SCXW261332641 BCX8\">\u00a0om ett \u201d<\/span><span class=\"NormalTextRun SpellingErrorV2Themed SCXW261332641 BCX8\">Made<\/span><span class=\"NormalTextRun SCXW261332641 BCX8\">\u00a0in\u00a0<\/span><span class=\"NormalTextRun SpellingErrorV2Themed SCXW261332641 BCX8\">Europe<\/span><span class=\"NormalTextRun SCXW261332641 BCX8\">\u201d<\/span><span class=\"NormalTextRun SCXW261332641 BCX8\">&#8211;<\/span><span class=\"NormalTextRun SCXW261332641 BCX8\">kriterium f\u00f6r upphandlingar<\/span><span class=\"NormalTextRun SCXW261332641 BCX8\">.\u00a0<\/span><\/span><span class=\"EOP SCXW261332641 BCX8\" data-ccp-props=\"{&quot;335551550&quot;:6,&quot;335551620&quot;:6}\">\u00a0<\/span><\/p>\n<p style=\"text-align: justify;\"><span class=\"TextRun SCXW160971415 BCX8\" lang=\"SV-SE\" xml:lang=\"SV-SE\" data-contrast=\"auto\"><span class=\"NormalTextRun SCXW160971415 BCX8\">N\u00e4r det kommer till offentlig upphandling har\u00a0<\/span><span class=\"NormalTextRun SCXW160971415 BCX8\">Sverige och EU historiskt varit relativt\u00a0<\/span><span class=\"NormalTextRun CommentStart SpellingErrorV2Themed CommentHighlightPipeRest CommentHighlightRest SCXW160971415 BCX8\">samsynta<\/span><span class=\"NormalTextRun CommentHighlightPipeRest SCXW160971415 BCX8\">, men det har alltid funnits olika perspektiv p\u00e5 hur upphandlingsprocessen ska utformas. Skiljelinjerna r\u00f6r bland annat graden av detaljstyrning kontra flexibilitet, avv\u00e4gningen mellan ekonomiska och politiska m\u00e5l samt<\/span><span class=\"NormalTextRun SCXW160971415 BCX8\">\u00a0f\u00f6rh\u00e5llandet till<\/span><span class=\"NormalTextRun SCXW160971415 BCX8\">\u00a0<\/span><span class=\"NormalTextRun CommentStart CommentHighlightPipeRest CommentHighlightRest SCXW160971415 BCX8\">subsidiaritetsprincipen<\/span><span class=\"NormalTextRun CommentHighlightPipeRest SCXW160971415 BCX8\">,\u00a0<\/span><span class=\"NormalTextRun SCXW160971415 BCX8\">det vill s\u00e4ga att beslut ska fattas s\u00e5 n\u00e4ra medborgarna som m\u00f6jligt och att EU endast ska agera n\u00e4r \u00e5tg\u00e4rder inte kan uppn\u00e5s lika effektivt p\u00e5 nationell eller lokal niv\u00e5.<\/span><\/span><span class=\"EOP Selected SCXW160971415 BCX8\" data-ccp-props=\"{&quot;335551550&quot;:6,&quot;335551620&quot;:6}\">\u00a0<\/span><\/p>\n<p style=\"text-align: justify;\"><span class=\"TextRun SCXW215022808 BCX8\" lang=\"SV-SE\" xml:lang=\"SV-SE\" data-contrast=\"auto\"><span class=\"NormalTextRun SCXW215022808 BCX8\">I\u00a0<\/span><span class=\"NormalTextRun SCXW215022808 BCX8\">EU-kommissionens kommande revidering av direktiven fr\u00e5n 2014 aktualiseras dessa skiljelinjer, d\u00e4r balansg\u00e5ngen mellan olika syns\u00e4tt skiljer sig mellan Sverige, andra medlemsl\u00e4nder och EU-kommissionen.<\/span><\/span><span class=\"EOP Selected SCXW215022808 BCX8\" data-ccp-props=\"{&quot;335551550&quot;:6,&quot;335551620&quot;:6}\">\u00a0<\/span><\/p>\n<h4 style=\"text-align: justify;\"><em><span class=\"TextRun SCXW224413456 BCX8\" lang=\"SV-SE\" xml:lang=\"SV-SE\" data-contrast=\"auto\"><span class=\"NormalTextRun SCXW224413456 BCX8\">Vad\u00a0<\/span><span class=\"NormalTextRun SCXW224413456 BCX8\">kommer revideringen fokusera p\u00e5<\/span><span class=\"NormalTextRun SCXW224413456 BCX8\">?<\/span><\/span><span class=\"EOP Selected SCXW224413456 BCX8\" data-ccp-props=\"{&quot;335551550&quot;:6,&quot;335551620&quot;:6}\">\u00a0<\/span><\/em><\/h4>\n<p style=\"text-align: justify;\"><span class=\"TextRun SCXW185634618 BCX8\" lang=\"SV-SE\" xml:lang=\"SV-SE\" data-contrast=\"auto\"><span class=\"NormalTextRun SCXW185634618 BCX8\">Det \u00e4r de tre nuvarande direktiven fr\u00e5n 2014 som ska revideras f\u00f6r att anpassa upphandlingsramverket till dagens ekonomiska, teknologiska och geopolitiska f\u00f6ruts\u00e4ttningar.\u00a0<\/span><span class=\"NormalTextRun SCXW185634618 BCX8\">EU-kommissionens m\u00e5l<\/span><span class=\"NormalTextRun SCXW185634618 BCX8\">\u00a0med revideringen \u00e4r att f\u00f6renkla och tydligg\u00f6ra regelverket f\u00f6r en mer effektiv upphandlingsprocess, och bland annat skapa en mer digital och sammanh\u00e5llen upphandlingsmarknad i EU.<\/span><span class=\"NormalTextRun SCXW185634618 BCX8\">\u00a0<\/span><span class=\"NormalTextRun SCXW185634618 BCX8\">Regelverket ska samtidigt st\u00e4rka EU:s politiska m\u00e5l kopplade till\u00a0<\/span><span class=\"NormalTextRun SpellingErrorV2Themed SCXW185634618 BCX8\">resiliens<\/span><span class=\"NormalTextRun SCXW185634618 BCX8\">, suver\u00e4nitet och s\u00e4kerhet, samt s\u00e4kerst\u00e4lla fortsatt utrymme f\u00f6r gr\u00f6na, sociala och innovationsdrivna upphandlingar.<\/span><span class=\"NormalTextRun SCXW185634618 BCX8\">\u00a0<\/span><\/span><span class=\"EOP Selected SCXW185634618 BCX8\" data-ccp-props=\"{&quot;335551550&quot;:6,&quot;335551620&quot;:6}\">\u00a0<\/span><\/p>\n<p style=\"text-align: justify;\"><span class=\"TextRun SCXW239962684 BCX8\" lang=\"SV-SE\" xml:lang=\"SV-SE\" data-contrast=\"auto\"><span class=\"NormalTextRun SCXW239962684 BCX8\">EU-kommissionens revidering b\u00f6r ses\u00a0<\/span><span class=\"NormalTextRun SCXW239962684 BCX8\">ur ljuset av den nuvarande kommissionens<\/span><span class=\"NormalTextRun SCXW239962684 BCX8\">\u00a0fokus p\u00e5 konkurrenskraft och\u00a0<\/span><span class=\"NormalTextRun SCXW239962684 BCX8\">anpassning till nya geopolitiska f\u00f6ruts\u00e4ttningar. Samtidigt \u00e4r offentlig upphandling en balansakt mellan flera olika m\u00e5ls\u00e4ttningar<\/span><span class=\"NormalTextRun SCXW239962684 BCX8\">\u00a0och principer, exempelvis mellan milj\u00f6-och h\u00e5llbarhetsm\u00e5l och\u00a0<\/span><span class=\"NormalTextRun SCXW239962684 BCX8\">ekonomiska m\u00e5l.<\/span><span class=\"NormalTextRun SCXW239962684 BCX8\">\u00a0Diskussionen om att premiera europeiska produkter, \u201d<\/span><span class=\"NormalTextRun SpellingErrorV2Themed SCXW239962684 BCX8\">Made<\/span><span class=\"NormalTextRun SCXW239962684 BCX8\">\u00a0in\u00a0<\/span><span class=\"NormalTextRun SpellingErrorV2Themed SCXW239962684 BCX8\">europe<\/span><span class=\"NormalTextRun SCXW239962684 BCX8\">\u201d\u00a0<\/span><span class=\"NormalTextRun SCXW239962684 BCX8\">utg\u00f6r ytterligare en s\u00e5dan balansakt, d\u00e4r fr\u00e5getecken v\u00e4cks om hur ett s\u00e5dant kriterium krockar med andra m\u00e5l om kostnadseffektivitet och\u00a0<\/span><span class=\"NormalTextRun SCXW239962684 BCX8\">frihandelsprinciper.<\/span><span class=\"NormalTextRun SCXW239962684 BCX8\">\u00a0<\/span><\/span><span class=\"EOP Selected SCXW239962684 BCX8\" data-ccp-props=\"{&quot;335551550&quot;:6,&quot;335551620&quot;:6}\">\u00a0<\/span><\/p>\n<h4 style=\"text-align: justify;\"><em><span class=\"TextRun SCXW69089679 BCX8\" lang=\"SV-SE\" xml:lang=\"SV-SE\" data-contrast=\"auto\"><span class=\"NormalTextRun SCXW69089679 BCX8\">Sveriges och SKR:s h\u00e5llning\u00a0<\/span><\/span><span class=\"EOP Selected SCXW69089679 BCX8\" data-ccp-props=\"{&quot;335551550&quot;:6,&quot;335551620&quot;:6}\">\u00a0<\/span><\/em><\/h4>\n<p style=\"text-align: justify;\"><span class=\"TextRun SCXW49675092 BCX8\" lang=\"SV-SE\" xml:lang=\"SV-SE\" data-contrast=\"auto\"><span class=\"NormalTextRun SCXW49675092 BCX8\">I april n\u00e4rvarade SBHSS vid ett informationsm\u00f6te med Helena Henriksson,\u00a0<\/span><span class=\"NormalTextRun SCXW49675092 BCX8\">f\u00f6rbundsjurist\u00a0<\/span><span class=\"NormalTextRun SCXW49675092 BCX8\">p\u00e5 Sveriges Kommuner och Regioner (SKR).\u00a0<\/span><span class=\"NormalTextRun SCXW49675092 BCX8\">Helena\u00a0<\/span><span class=\"NormalTextRun SCXW49675092 BCX8\">presenterade SKR:s h\u00e5llning till den kommande revideringen och beskrev hur diskussionerna f\u00f6rs mellan EU-kommissionen och \u00f6vriga medlemsl\u00e4nder. Sammantaget \u00e4r skiljelinjerna tydliga, och SKR har\u00a0<\/span><span class=\"NormalTextRun SCXW49675092 BCX8\">fokuserat<\/span><span class=\"NormalTextRun CommentStart CommentHighlightPipeRest CommentHighlightRest SCXW49675092 BCX8\">\u00a0<\/span><span class=\"NormalTextRun CommentHighlightPipeRest SCXW49675092 BCX8\">p\u00e5 att lyfta Sveriges, och s\u00e4rskilt den lokala niv\u00e5ns, perspektiv p\u00e5 offentlig upphandling.<\/span><\/span><span class=\"EOP Selected SCXW49675092 BCX8\" data-ccp-props=\"{&quot;335551550&quot;:6,&quot;335551620&quot;:6}\">\u00a0<\/span><\/p>\n<p style=\"text-align: justify;\"><span class=\"TextRun SCXW58017334 BCX8\" lang=\"SV-SE\" xml:lang=\"SV-SE\" data-contrast=\"auto\"><span class=\"NormalTextRun SCXW58017334 BCX8\">Som en del av SKR:s p\u00e5verkansarbete har organisationen tagit fram ett\u00a0<\/span><\/span><a class=\"Hyperlink SCXW58017334 BCX8\" href=\"https:\/\/www.sbhss.eu\/wp-content\/uploads\/2023\/06\/position-paper-salar-jan-2026-ii.pdf\" target=\"_blank\" rel=\"noreferrer noopener\"><span class=\"TextRun Underlined SCXW58017334 BCX8\" lang=\"SV-SE\" xml:lang=\"SV-SE\" data-contrast=\"none\"><span class=\"NormalTextRun SCXW58017334 BCX8\" data-ccp-charstyle=\"Hyperlink\">positionspapper<\/span><\/span><\/a><span class=\"TextRun SCXW58017334 BCX8\" lang=\"SV-SE\" xml:lang=\"SV-SE\" data-contrast=\"auto\"><span class=\"NormalTextRun SCXW58017334 BCX8\">\u00a0som tydligg\u00f6r deras h\u00e5llning. SKR menar att EU:s upphandlingsregler har blivit f\u00f6r komplexa och detaljstyrda, och vill se ett mer enhetligt och flexibelt regelverk d\u00e4r direktiven sl\u00e5s samman och fokus flyttas fr\u00e5n process till aff\u00e4r.<\/span><\/span><span class=\"EOP SCXW58017334 BCX8\" data-ccp-props=\"{&quot;335551550&quot;:6,&quot;335551620&quot;:6}\">\u00a0<\/span><\/p>\n<p style=\"text-align: justify;\"><span class=\"TextRun SCXW17134439 BCX8\" lang=\"SV-SE\" xml:lang=\"SV-SE\" data-contrast=\"auto\"><span class=\"NormalTextRun SCXW17134439 BCX8\">De betonar\u00a0<\/span><span class=\"NormalTextRun SCXW17134439 BCX8\">\u00e4ven\u00a0<\/span><span class=\"NormalTextRun SCXW17134439 BCX8\">subsidiaritetsprincipen och anser att kommuner och regioner i st\u00f6rre utstr\u00e4ckning sj\u00e4lva ska avg\u00f6ra hur upphandlingar genomf\u00f6rs. SKR vill \u00e4ven h\u00f6ja <\/span><span class=\"NormalTextRun CommentStart CommentHighlightPipeRest CommentHighlightRest SCXW17134439 BCX8\">tr\u00f6skelv\u00e4rdena<\/span><span class=\"NormalTextRun CommentHighlightRest SCXW17134439 BCX8\">, vilket \u00e4r beloppsgr\u00e4nsen som avg\u00f6r<\/span><span class=\"NormalTextRun CommentHighlightRest SCXW17134439 BCX8\">\u00a0hur omfattande reglerna f\u00f6r upphandling \u00e4r,<\/span><span class=\"NormalTextRun CommentHighlightRest SCXW17134439 BCX8\">\u00a0<\/span><span class=\"NormalTextRun CommentHighlightPipeRest SCXW17134439 BCX8\">f\u00f6r att minska administrationen.<\/span><\/span><span class=\"EOP Selected SCXW17134439 BCX8\" data-ccp-props=\"{&quot;335551550&quot;:6,&quot;335551620&quot;:6}\">\u00a0<\/span><\/p>\n<p style=\"text-align: justify;\"><span class=\"TextRun SCXW13556318 BCX8\" lang=\"SV-SE\" xml:lang=\"SV-SE\" data-contrast=\"auto\"><span class=\"NormalTextRun SCXW13556318 BCX8\">N\u00e4r det g\u00e4ller \u201cBuy\u00a0<\/span><span class=\"NormalTextRun SpellingErrorV2Themed SCXW13556318 BCX8\">European<\/span><span class=\"NormalTextRun SCXW13556318 BCX8\">\u201d \u00e4r SKR f\u00f6rsiktiga<\/span><\/span><span class=\"TrackChangeTextInsertion TrackedChange SCXW13556318 BCX8\"><span class=\"TextRun SCXW13556318 BCX8\" lang=\"SV-SE\" xml:lang=\"SV-SE\" data-contrast=\"auto\"><span class=\"NormalTextRun SCXW13556318 BCX8\">,<\/span><\/span><\/span><span class=\"TextRun SCXW13556318 BCX8\" lang=\"SV-SE\" xml:lang=\"SV-SE\" data-contrast=\"auto\"><span class=\"NormalTextRun SCXW13556318 BCX8\">\u00a0och menar att s\u00e5dana krav riskerar att \u00f6ka kostnader och d\u00e4rf\u00f6r b\u00f6r vara frivilliga. De lyfter ocks\u00e5 behovet av sk\u00e4rpta \u00e5tg\u00e4rder mot oseri\u00f6sa akt\u00f6rer och kriminalitet i upphandling, f\u00f6r att s\u00e4kerst\u00e4lla r\u00e4ttvis konkurrens och fungerande leveranser.<\/span><\/span><span class=\"EOP Selected SCXW13556318 BCX8\" data-ccp-props=\"{&quot;335551550&quot;:6,&quot;335551620&quot;:6}\">\u00a0<\/span><\/p>\n<h4 style=\"text-align: justify;\"><em><span class=\"TextRun SCXW61101249 BCX8\" lang=\"SV-SE\" xml:lang=\"SV-SE\" data-contrast=\"auto\"><span class=\"NormalTextRun SCXW61101249 BCX8\">Vad\u00a0<\/span><span class=\"NormalTextRun SCXW61101249 BCX8\">har h\u00e4nt och vad\u00a0<\/span><span class=\"NormalTextRun SCXW61101249 BCX8\">h\u00e4nder fram\u00f6ver?<\/span><\/span><span class=\"EOP Selected CommentStart SCXW61101249 BCX8\" data-ccp-props=\"{&quot;335551550&quot;:6,&quot;335551620&quot;:6}\">\u00a0<\/span><\/em><\/h4>\n<p>&nbsp;<\/p>\n<p style=\"text-align: justify;\"><img loading=\"lazy\" decoding=\"async\" class=\"size-full wp-image-9733 aligncenter\" src=\"https:\/\/www.sbhss.eu\/wp-content\/uploads\/2026\/04\/offupp.png\" alt=\"\" width=\"604\" height=\"280\" \/><\/p>\n<p>&nbsp;<\/p>\n<p style=\"text-align: justify;\"><span class=\"TextRun SCXW41151228 BCX8\" lang=\"SV-SE\" xml:lang=\"SV-SE\" data-contrast=\"auto\"><span class=\"NormalTextRun SCXW41151228 BCX8\">EU<\/span><span class=\"NormalTextRun SCXW41151228 BCX8\">\u00a0befinner sig fortfarande i en tidig fas av \u00f6versynen, d\u00e4r kommissionen samlar in synpunkter och analyserar det nuvarande regelverket.<\/span><span class=\"NormalTextRun SCXW41151228 BCX8\">\u00a0Processen\u00a0<\/span><span class=\"NormalTextRun SCXW41151228 BCX8\">p\u00e5b\u00f6rjades i<\/span><span class=\"NormalTextRun SCXW41151228 BCX8\">\u00a0juli 2024, d\u00e5\u00a0<\/span><span class=\"NormalTextRun SCXW41151228 BCX8\">EU-kommissionens ordf\u00f6rande Ursula von\u00a0<\/span><span class=\"NormalTextRun SpellingErrorV2Themed SCXW41151228 BCX8\">der<\/span><span class=\"NormalTextRun SCXW41151228 BCX8\">\u00a0<\/span><span class=\"NormalTextRun SpellingErrorV2Themed SCXW41151228 BCX8\">Leyen<\/span><span class=\"NormalTextRun SCXW41151228 BCX8\">\u00a0i sina politiska<\/span><span class=\"NormalTextRun SCXW41151228 BCX8\">\u00a0riktlinjer f\u00f6reslog en kommande revidering av upphandlingsdirektiven. En f\u00f6rsta samr\u00e5dsprocess inf\u00f6r\u00a0<\/span><span class=\"NormalTextRun SCXW41151228 BCX8\">p\u00e5gick\u00a0<\/span><span class=\"NormalTextRun SCXW41151228 BCX8\">mellan december 2024 och<\/span><span class=\"NormalTextRun SCXW41151228 BCX8\">\u00a0mars 2025, vilket lade grunden f\u00f6r kommissionens utv\u00e4rderingsrapport som presenterades i oktober 2025.<\/span><span class=\"NormalTextRun SCXW41151228 BCX8\">\u00a0En andra samr\u00e5dsprocess inleddes kort d\u00e4refter i\u00a0<\/span><span class=\"NormalTextRun SCXW41151228 BCX8\">n<\/span><span class=\"NormalTextRun SCXW41151228 BCX8\">ovember 2025 till\u00a0<\/span><span class=\"NormalTextRun SCXW41151228 BCX8\">januari<\/span><span class=\"NormalTextRun SCXW41151228 BCX8\">\u00a0i \u00e5r<\/span><span class=\"NormalTextRun SCXW41151228 BCX8\">.<\/span><span class=\"NormalTextRun SCXW41151228 BCX8\">\u00a0<\/span><span class=\"NormalTextRun SCXW41151228 BCX8\">\u00a0<\/span><\/span><span class=\"EOP Selected SCXW41151228 BCX8\" data-ccp-props=\"{&quot;335551550&quot;:6,&quot;335551620&quot;:6}\">\u00a0<\/span><\/p>\n<p style=\"text-align: justify;\"><span class=\"TextRun SCXW64330739 BCX8\" lang=\"SV-SE\" xml:lang=\"SV-SE\" data-contrast=\"auto\"><span class=\"NormalTextRun SCXW64330739 BCX8\">Ett lagf\u00f6rslag kommer att presenteras den <\/span><\/span><strong><span class=\"TextRun SCXW64330739 BCX8\" lang=\"SV-SE\" xml:lang=\"SV-SE\" data-contrast=\"auto\"><span class=\"NormalTextRun SCXW64330739 BCX8\">1 juli<\/span><\/span><\/strong><span class=\"TextRun SCXW64330739 BCX8\" lang=\"SV-SE\" xml:lang=\"SV-SE\" data-contrast=\"auto\"><span class=\"NormalTextRun SCXW64330739 BCX8\">,<\/span><span class=\"NormalTextRun SCXW64330739 BCX8\">\u00a0varefter f\u00f6rhandlingar mellan\u00a0<\/span><span class=\"NormalTextRun SCXW64330739 BCX8\">de tv\u00e5 beslutsfattande institutionerna<\/span><span class=\"NormalTextRun SCXW64330739 BCX8\">\u00a0<\/span><span class=\"NormalTextRun SCXW64330739 BCX8\">EU-<\/span><span class=\"NormalTextRun SCXW64330739 BCX8\">parlamentet<\/span><span class=\"NormalTextRun SCXW64330739 BCX8\"> och ministerr\u00e5det <\/span><span class=\"NormalTextRun SCXW64330739 BCX8\">(medlemsstaterna)\u00a0<\/span><span class=\"NormalTextRun SCXW64330739 BCX8\">tar vid.<\/span><span class=\"NormalTextRun SCXW64330739 BCX8\">\u00a0Efter detta tar den nationella processen vid<\/span><span class=\"NormalTextRun SCXW64330739 BCX8\">,<\/span><span class=\"NormalTextRun SCXW64330739 BCX8\">\u00a0d\u00e5 EU:s direktiv ska inf\u00f6rlivas i svensk upphandlingslagstiftning<\/span><span class=\"NormalTextRun SCXW64330739 BCX8\">, vilket kommer ske f\u00f6rst om flera \u00e5r<\/span><span class=\"NormalTextRun SCXW64330739 BCX8\">.\u00a0<\/span><\/span><span class=\"EOP Selected SCXW64330739 BCX8\" data-ccp-props=\"{&quot;335551550&quot;:6,&quot;335551620&quot;:6}\">\u00a0<\/span><\/p>\n<h4 style=\"text-align: justify;\"><em><span class=\"TextRun SCXW224914552 BCX8\" lang=\"SV-SE\" xml:lang=\"SV-SE\" data-contrast=\"auto\"><span class=\"NormalTextRun SCXW224914552 BCX8\">S\u00e5 varf\u00f6r ska svenska regioner engagera sig redan nu?<\/span><\/span><span class=\"TextRun SCXW224914552 BCX8\" lang=\"SV-SE\" xml:lang=\"SV-SE\" data-contrast=\"auto\"><span class=\"NormalTextRun SCXW224914552 BCX8\">\u00a0<\/span><\/span><span class=\"EOP Selected SCXW224914552 BCX8\" data-ccp-props=\"{&quot;335551550&quot;:6,&quot;335551620&quot;:6}\">\u00a0<\/span><\/em><\/h4>\n<p style=\"text-align: justify;\"><span class=\"TextRun SCXW233062850 BCX8\" lang=\"SV-SE\" xml:lang=\"SV-SE\" data-contrast=\"auto\"><span class=\"NormalTextRun SCXW233062850 BCX8\">F\u00f6r regionerna kan f\u00f6r\u00e4ndringarna f\u00e5 stor betydelse. Ett mer flexibelt regelverk kan inneb\u00e4ra st\u00f6rre handlingsutrymme och minskad administration, medan \u00f6kad politisk styrning, exempelvis kopplat till klimatkrav eller \u201cBuy\u00a0<\/span><span class=\"NormalTextRun SpellingErrorV2Themed SCXW233062850 BCX8\">European<\/span><span class=\"NormalTextRun SCXW233062850 BCX8\">\u201d, kan g\u00f6ra upphandlingar mer komplexa och kostsamma.<\/span><span class=\"NormalTextRun SCXW233062850 BCX8\">\u00a0<\/span><span class=\"NormalTextRun SCXW233062850 BCX8\">P\u00e5 regional niv\u00e5 p\u00e5verkas all offentlig upphandling, fr\u00e5n kollektivtrafiksupphandlingar till ink\u00f6p\u00a0<\/span><span class=\"NormalTextRun SpellingErrorV2Themed SCXW233062850 BCX8\">it-tj\u00e4nster<\/span><span class=\"NormalTextRun SCXW233062850 BCX8\">\u00a0och medicintekniska produkter\u00a0<\/span><span class=\"NormalTextRun SCXW233062850 BCX8\">av\u00a0<\/span><span class=\"NormalTextRun SCXW233062850 BCX8\">EU:s revidering<\/span><span class=\"NormalTextRun SCXW233062850 BCX8\">\u00a0och p\u00e5 s\u00e5 s\u00e4tt f\u00e5r den nya lagstiftningen omfattande effekter i flera verksamheter<\/span><span class=\"NormalTextRun SCXW233062850 BCX8\">.<\/span><span class=\"NormalTextRun SCXW233062850 BCX8\">\u00a0<\/span><\/span><span class=\"EOP SCXW233062850 BCX8\" data-ccp-props=\"{&quot;335551550&quot;:6,&quot;335551620&quot;:6}\">\u00a0<\/span><\/p>\n<p style=\"text-align: justify;\"><span class=\"TextRun SCXW36859240 BCX8\" lang=\"SV-SE\" xml:lang=\"SV-SE\" data-contrast=\"auto\"><span class=\"NormalTextRun SCXW36859240 BCX8\">Det \u00e4r s\u00e4rskilt viktigt att f\u00f6lja utvecklingen kring f\u00f6renkling,<\/span><span class=\"NormalTextRun SCXW36859240 BCX8\">\u00a0v\u00e4lf\u00e4rdsbrottslighet,<\/span><span class=\"NormalTextRun SCXW36859240 BCX8\">\u00a0tr\u00f6skelv\u00e4rden, krav p\u00e5 strategisk upphandling och eventuella nya regler kopplade till s\u00e4kerhet och f\u00f6rs\u00f6rjning. \u00c4ven digitalisering och nya rapporteringskrav kan p\u00e5verka arbetet i praktiken.<\/span><\/span><span class=\"EOP Selected SCXW36859240 BCX8\" data-ccp-props=\"{&quot;335551550&quot;:6,&quot;335551620&quot;:6}\">\u00a0<\/span><\/p>\n<p style=\"text-align: justify;\"><span class=\"TextRun SCXW24395623 BCX8\" lang=\"SV-SE\" xml:lang=\"SV-SE\" data-contrast=\"auto\"><span class=\"NormalTextRun CommentHighlightClicked SCXW24395623 BCX8\"><span class=\"TextRun SCXW120679846 BCX8\" lang=\"SV-SE\" xml:lang=\"SV-SE\" data-contrast=\"auto\"><span class=\"NormalTextRun CommentStart CommentHighlightPipeClicked CommentHighlightClicked SCXW120679846 BCX8\">Samtidigt lyfter SKR farh\u00e5gor om att den regionala r\u00f6sten inte har varit s\u00e5 stark i f\u00f6rarbetet hittills. I de samr\u00e5d som kommissionen genomf\u00f6rt \u00e4r det framf\u00f6r<\/span><span class=\"NormalTextRun CommentHighlightClicked SCXW120679846 BCX8\">\u00a0<\/span><span class=\"NormalTextRun CommentHighlightClicked SCXW120679846 BCX8\">allt f\u00f6retag som har st\u00e5tt f\u00f6r majoriteten av inl\u00e4mnade synpunkter. Detta skapar en risk f\u00f6r att f\u00f6rslaget som kommissionen f\u00f6rv\u00e4ntas l\u00e4mna i<\/span><span class=\"NormalTextRun CommentHighlightClicked SCXW120679846 BCX8\">\u00a0sommar<\/span><span class=\"NormalTextRun CommentHighlightClicked SCXW120679846 BCX8\">\u00a0inte i tillr\u00e4cklig utstr\u00e4ckning grundar sig p\u00e5 de upphandlade myndigheternas behov och f\u00f6ruts\u00e4ttningar.<\/span><span class=\"NormalTextRun CommentHighlightClicked SCXW120679846 BCX8\">\u00a0<\/span><span class=\"NormalTextRun CommentHighlightClicked SCXW120679846 BCX8\">\u00c5 andra sidan \u00e4r offentlig upphandling en stor potentiell marknad f\u00f6r sm\u00e5- och medelstora f\u00f6retag och regler som skapar mer gynnsamma f\u00f6ruts\u00e4ttningar f\u00f6r mindre akt\u00f6rer att delta i upphandlingar \u00e4r d\u00e4rmed positivt.\u00a0<\/span><\/span><span class=\"EOP Selected SCXW120679846 BCX8\" data-ccp-props=\"{&quot;335551550&quot;:6,&quot;335551620&quot;:6,&quot;335559739&quot;:0}\">\u00a0<\/span><\/span><\/span><\/p>\n<h4 style=\"text-align: justify;\"><em><span class=\"TextRun SCXW260837792 BCX8\" lang=\"SV-SE\" xml:lang=\"SV-SE\" data-contrast=\"auto\"><span class=\"NormalTextRun SCXW260837792 BCX8\">N\u00e4sta steg f\u00f6r regionerna<\/span><\/span><span class=\"EOP Selected SCXW260837792 BCX8\" data-ccp-props=\"{&quot;335551550&quot;:6,&quot;335551620&quot;:6,&quot;335559739&quot;:0}\">\u00a0<\/span><\/em><\/h4>\n<p style=\"text-align: justify;\"><span class=\"TextRun SCXW233235004 BCX8\" lang=\"SV-SE\" xml:lang=\"SV-SE\" data-contrast=\"auto\"><span class=\"NormalTextRun SCXW233235004 BCX8\">Om det \u00e4r n\u00e5got\u00a0<\/span><span class=\"NormalTextRun SCXW233235004 BCX8\">som \u00e4r extra viktigt att ta h\u00e4nsyn till ur ett regionalt, lokalt eller SBHSS-perspektiv \u00e4r det d\u00e4rf\u00f6r god tid att\u00a0<\/span><span class=\"NormalTextRun SCXW233235004 BCX8\">nu b\u00f6rja\u00a0<\/span><span class=\"NormalTextRun SCXW233235004 BCX8\">fundera p\u00e5\u00a0<\/span><span class=\"NormalTextRun SCXW233235004 BCX8\">hur<\/span><span class=\"NormalTextRun SCXW233235004 BCX8\">\u00a0<\/span><span class=\"NormalTextRun SCXW233235004 BCX8\">v\u00e5r r\u00f6st kan g\u00f6ras h\u00f6rd, b\u00e5de p\u00e5 EU-<\/span><span class=\"NormalTextRun SCXW233235004 BCX8\">\u00a0<\/span><span class=\"NormalTextRun SCXW233235004 BCX8\">och nationell niv\u00e5.<\/span><span class=\"NormalTextRun SCXW233235004 BCX8\">\u00a0<\/span><span class=\"NormalTextRun SCXW233235004 BCX8\">Det nya ramverket kommer att f\u00e5 stor p\u00e5verkan\u00a0<\/span><span class=\"NormalTextRun SCXW233235004 BCX8\">p\u00e5\u00a0<\/span><span class=\"NormalTextRun SCXW233235004 BCX8\">regionernas ekonomi, och oavsett\u00a0<\/span><span class=\"NormalTextRun SCXW233235004 BCX8\">om det slutgiltiga f\u00f6rslaget\u00a0<\/span><span class=\"NormalTextRun SCXW233235004 BCX8\">g\u00e5r mer mot den svenska linjen\u00a0<\/span><span class=\"NormalTextRun SCXW233235004 BCX8\">kommer lagstiftning och processer att beh\u00f6va anpassas.<\/span><span class=\"NormalTextRun SCXW233235004 BCX8\">\u00a0<\/span><\/span><span class=\"TextRun Highlight SCXW233235004 BCX8\" lang=\"SV-SE\" xml:lang=\"SV-SE\" data-contrast=\"auto\"><span class=\"NormalTextRun SCXW233235004 BCX8\">Brysselkontorets<\/span><span class=\"NormalTextRun SCXW233235004 BCX8\">\u00a0<\/span><span class=\"NormalTextRun SCXW233235004 BCX8\">samlade bed\u00f6mning \u00e4r att\u00a0<\/span><span class=\"NormalTextRun ContextualSpellingAndGrammarErrorV2Themed SCXW233235004 BCX8\">lagstiftningen<\/span><span class=\"NormalTextRun ContextualSpellingAndGrammarErrorV2Themed SCXW233235004 BCX8\">\u00a0<\/span><span class=\"NormalTextRun ContextualSpellingAndGrammarErrorV2Themed SCXW233235004 BCX8\">\u00a0kommer<\/span><span class=\"NormalTextRun SCXW233235004 BCX8\">\u00a0vara av stor vikt att f\u00f6lja fram\u00f6ver<\/span><span class=\"NormalTextRun SCXW233235004 BCX8\">\u00a0f\u00f6r SBHSS \u00e4gare<\/span><span class=\"NormalTextRun SCXW233235004 BCX8\">, och uppmuntrar till dialog<\/span><span class=\"NormalTextRun SCXW233235004 BCX8\">\u00a0<\/span><span class=\"NormalTextRun SCXW233235004 BCX8\">med\u00a0<\/span><span class=\"NormalTextRun SCXW233235004 BCX8\">b\u00e5de svenska regeringen och Europaparlamentet som kommer\u00a0<\/span><span class=\"NormalTextRun SCXW233235004 BCX8\">att f\u00f6r<\/span><span class=\"NormalTextRun SCXW233235004 BCX8\">handla EU-kommissionens kommande f\u00f6rslag<\/span><span class=\"NormalTextRun SCXW233235004 BCX8\">\u00a0och delta i\u00a0<\/span><span class=\"NormalTextRun SCXW233235004 BCX8\">lagstiftnings<\/span><span class=\"NormalTextRun SCXW233235004 BCX8\">processen<\/span><span class=\"NormalTextRun SCXW233235004 BCX8\">.<\/span><\/span><span class=\"TextRun SCXW233235004 BCX8\" lang=\"SV-SE\" xml:lang=\"SV-SE\" data-contrast=\"auto\"><span class=\"NormalTextRun SCXW233235004 BCX8\">\u00a0<\/span><span class=\"NormalTextRun SCXW233235004 BCX8\">\u00c4ven SKR \u00e4r intresserade av att f\u00e5 in synpunkter fr\u00e5n regionerna och\u00a0<\/span><span class=\"NormalTextRun SCXW233235004 BCX8\">h\u00e5ller \u00e4ven m\u00e5natliga uppdateringar om vad som h\u00e4nder kring de<\/span><span class=\"NormalTextRun SCXW233235004 BCX8\">t nya direktivet<\/span><span class=\"NormalTextRun SCXW233235004 BCX8\">,\u00a0<\/span><span class=\"NormalTextRun SCXW233235004 BCX8\">vilket \u00e4r ett bra s\u00e4tt att f\u00f6lja lagstiftningens utveckling.\u00a0<\/span><\/span><span class=\"EOP Selected SCXW233235004 BCX8\" data-ccp-props=\"{&quot;335551550&quot;:6,&quot;335551620&quot;:6,&quot;335559739&quot;:0}\">\u00a0<\/span><\/p>\n<p style=\"text-align: justify;\"><strong><span class=\"TextRun SCXW253816748 BCX8\" lang=\"SV-SE\" xml:lang=\"SV-SE\" data-contrast=\"auto\"><span class=\"NormalTextRun SCXW253816748 BCX8\">Mer information:\u00a0<\/span><\/span><span class=\"EOP Selected SCXW253816748 BCX8\" data-ccp-props=\"{&quot;335551550&quot;:6,&quot;335551620&quot;:6,&quot;335559739&quot;:0}\">\u00a0<\/span><\/strong><\/p>\n<ul>\n<li style=\"text-align: justify;\"><a href=\"https:\/\/skr.se\/evenemang\/evenemangskalender\/nyheteromupphandlingsrattapril.10082.html\" target=\"_blank\" rel=\"noopener\"><span data-contrast=\"none\">SKR:s m\u00e5natliga uppdateringar<\/span><\/a><\/li>\n<li style=\"text-align: justify;\"><a href=\"https:\/\/public-buyers-community.ec.europa.eu\/revision-public-procurement-directives\" target=\"_blank\" rel=\"noopener\"><span data-contrast=\"none\">EU \u2013 Public Procurement Revision<\/span><\/a><\/li>\n<li style=\"text-align: justify;\"><a href=\"https:\/\/european-union.europa.eu\/live-work-study\/public-contracts_sv\" target=\"_blank\" rel=\"noopener\"><span data-contrast=\"none\">EU Kommissionens information om offentlig upphandling<\/span><\/a><span data-contrast=\"auto\">\u00a0<\/span><\/li>\n<li style=\"text-align: justify;\"><a href=\"https:\/\/www.upphandlingsmyndigheten.se\/regler-och-lagstiftning\/andra-regler-som-kan-bli-aktuella\/eu-forordningar-med-bestammelser-om-offentlig-upphandling\/\" target=\"_blank\" rel=\"noopener\"><span data-contrast=\"none\">Upphandlingsmyndighetens EU-information<\/span><\/a><span data-contrast=\"auto\">\u00a0<\/span><\/li>\n<li>\n<p style=\"text-align: justify;\"><a href=\"https:\/\/www.sbhss.eu\/wp-content\/uploads\/2023\/06\/position-paper-salar-jan-2026-ii.pdf\" target=\"_blank\" rel=\"noopener\"><span data-contrast=\"none\">SKR:s positionspapper om offentlig upphandling<\/span><\/a><span data-contrast=\"auto\">\u00a0<\/span><span data-ccp-props=\"{}\">\u00a0<\/span><\/p>\n<\/li>\n<\/ul>\n","protected":false},"excerpt":{"rendered":"<p>Under 2025 meddelade EU-kommissionen att de ska revidera 2014 \u00e5rs\u00a0direktiv\u00a0f\u00f6r offentlig upphandling, och ett f\u00f6rslag v\u00e4ntas\u00a0presenteras den 1 juli\u00a02026. I Sverige uppgick offentlig upphandling till cirka 18 procent av BNP \u00e5r 2023, och de nya direktiven kan inneb\u00e4ra stora konsekvenser f\u00f6r hur offentliga akt\u00f6rer genomf\u00f6r upphandlingar. I den h\u00e4r artikeln \u00e4mnar SBHSS d\u00e4rf\u00f6r ge en [&hellip;]<\/p>\n","protected":false},"author":27,"featured_media":9749,"comment_status":"closed","ping_status":"closed","sticky":false,"template":"","format":"standard","meta":{"_acf_changed":false,"footnotes":""},"categories":[3],"tags":[329,127,628,733,63,64,461,82,159,38,30,42,135,29,67,602,44,206,331,83,49,128,710,732,59,46,126,88,731,132,730,350,173,130,349,711,58,706,165,676,138,166,734,172],"class_list":["post-9731","post","type-post","status-publish","format-standard","has-post-thumbnail","hentry","category-okategoriserad","tag-blekinge","tag-bryssel","tag-brysselkontor","tag-buy-european","tag-com","tag-commission","tag-committee-of-the-regions","tag-digitalisering","tag-energi","tag-ep","tag-eu","tag-eu-kommissionen","tag-europa","tag-europaparlamentet","tag-european-parliament","tag-europeiska-regionkommitten","tag-europeiska-unionen","tag-grona-given","tag-halland","tag-industri","tag-innovation","tag-jonkoping","tag-jonkoping-university","tag-kalmar","tag-klimat","tag-kommissionen","tag-konkurrenskraft","tag-linneuniversitetet","tag-lou","tag-mff","tag-offentlig-upphandling","tag-region-blekinge","tag-region-halland","tag-region-jonkopings-lan","tag-region-kalmar-lan","tag-region-kronoberg","tag-region-utveckling","tag-regionkommitten","tag-sbhss","tag-skr","tag-smaland","tag-smaland-blekinge-halland","tag-smaland-blekinge-halland-south-sweden","tag-sverige"],"acf":[],"yoast_head":"<!-- This site is optimized with the Yoast SEO plugin v27.2 - https:\/\/yoast.com\/product\/yoast-seo-wordpress\/ -->\n<title>EU reviderar det framtida regelverket f\u00f6r offentlig upphandling \u2013 en balansakt - SBHSS<\/title>\n<meta name=\"robots\" content=\"index, follow, max-snippet:-1, max-image-preview:large, max-video-preview:-1\" \/>\n<link rel=\"canonical\" href=\"https:\/\/www.sbhss.eu\/sv\/eu-reviderar-det-framtida-regelverket-for-offentlig-upphandling-en-balansakt\/\" \/>\n<meta property=\"og:locale\" content=\"sv_SE\" \/>\n<meta property=\"og:type\" content=\"article\" \/>\n<meta property=\"og:title\" content=\"EU reviderar det framtida regelverket f\u00f6r offentlig upphandling \u2013 en balansakt - SBHSS\" \/>\n<meta property=\"og:description\" content=\"Under 2025 meddelade EU-kommissionen att de ska revidera 2014 \u00e5rs\u00a0direktiv\u00a0f\u00f6r offentlig upphandling, och ett f\u00f6rslag v\u00e4ntas\u00a0presenteras den 1 juli\u00a02026. I Sverige uppgick offentlig upphandling till cirka 18 procent av BNP \u00e5r 2023, och de nya direktiven kan inneb\u00e4ra stora konsekvenser f\u00f6r hur offentliga akt\u00f6rer genomf\u00f6r upphandlingar. I den h\u00e4r artikeln \u00e4mnar SBHSS d\u00e4rf\u00f6r ge en [&hellip;]\" \/>\n<meta property=\"og:url\" content=\"https:\/\/www.sbhss.eu\/sv\/eu-reviderar-det-framtida-regelverket-for-offentlig-upphandling-en-balansakt\/\" \/>\n<meta property=\"og:site_name\" content=\"SBHSS\" \/>\n<meta property=\"article:published_time\" content=\"2026-04-24T11:27:44+00:00\" \/>\n<meta property=\"article:modified_time\" content=\"2026-04-27T07:26:11+00:00\" \/>\n<meta property=\"og:image\" content=\"https:\/\/www.sbhss.eu\/wp-content\/uploads\/2026\/04\/oip.webp\" \/>\n\t<meta property=\"og:image:width\" content=\"474\" \/>\n\t<meta property=\"og:image:height\" content=\"315\" \/>\n\t<meta property=\"og:image:type\" content=\"image\/webp\" \/>\n<meta name=\"author\" content=\"Hanna Bodelsson\" \/>\n<meta name=\"twitter:card\" content=\"summary_large_image\" \/>\n<meta name=\"twitter:label1\" content=\"Skriven av\" \/>\n\t<meta name=\"twitter:data1\" content=\"Hanna Bodelsson\" \/>\n\t<meta name=\"twitter:label2\" content=\"Ber\u00e4knad l\u00e4stid\" \/>\n\t<meta name=\"twitter:data2\" content=\"7 minuter\" \/>\n<script type=\"application\/ld+json\" class=\"yoast-schema-graph\">{\"@context\":\"https:\/\/schema.org\",\"@graph\":[{\"@type\":\"Article\",\"@id\":\"https:\/\/www.sbhss.eu\/sv\/eu-reviderar-det-framtida-regelverket-for-offentlig-upphandling-en-balansakt\/#article\",\"isPartOf\":{\"@id\":\"https:\/\/www.sbhss.eu\/sv\/eu-reviderar-det-framtida-regelverket-for-offentlig-upphandling-en-balansakt\/\"},\"author\":{\"name\":\"Hanna Bodelsson\",\"@id\":\"https:\/\/www.sbhss.eu\/#\/schema\/person\/a4f6cc48583a193ade31f80bb6c4c559\"},\"headline\":\"EU reviderar det framtida regelverket f\u00f6r offentlig upphandling \u2013 en balansakt\",\"datePublished\":\"2026-04-24T11:27:44+00:00\",\"dateModified\":\"2026-04-27T07:26:11+00:00\",\"mainEntityOfPage\":{\"@id\":\"https:\/\/www.sbhss.eu\/sv\/eu-reviderar-det-framtida-regelverket-for-offentlig-upphandling-en-balansakt\/\"},\"wordCount\":1525,\"image\":{\"@id\":\"https:\/\/www.sbhss.eu\/sv\/eu-reviderar-det-framtida-regelverket-for-offentlig-upphandling-en-balansakt\/#primaryimage\"},\"thumbnailUrl\":\"https:\/\/www.sbhss.eu\/wp-content\/uploads\/2026\/04\/oip.webp\",\"keywords\":[\"Blekinge\",\"Bryssel\",\"brysselkontor\",\"buy european\",\"COM\",\"Commission\",\"Committee of the Regions\",\"digitalisering\",\"energi\",\"EP\",\"EU\",\"EU-kommissionen\",\"Europa\",\"Europaparlamentet\",\"European Parliament\",\"europeiska regionkommitt\u00e9n\",\"Europeiska unionen\",\"gr\u00f6na given\",\"Halland\",\"industri\",\"innovation\",\"j\u00f6nk\u00f6ping\",\"j\u00f6nk\u00f6ping university\",\"kalmar\",\"Klimat\",\"kommissionen\",\"konkurrenskraft\",\"Linn\u00e9universitetet\",\"lou\",\"MFF\",\"offentlig upphandling\",\"Region Blekinge\",\"Region Halland\",\"Region J\u00f6nk\u00f6pings L\u00e4n\",\"Region Kalmar l\u00e4n\",\"region kronoberg\",\"region utveckling\",\"Regionkommitt\u00e9n\",\"SBHSS\",\"skr\",\"Sm\u00e5land\",\"Sm\u00e5land Blekinge Halland\",\"sm\u00e5land blekinge halland south sweden\",\"Sverige\"],\"articleSection\":[\"Okategoriserad\"],\"inLanguage\":\"sv-SE\"},{\"@type\":\"WebPage\",\"@id\":\"https:\/\/www.sbhss.eu\/sv\/eu-reviderar-det-framtida-regelverket-for-offentlig-upphandling-en-balansakt\/\",\"url\":\"https:\/\/www.sbhss.eu\/sv\/eu-reviderar-det-framtida-regelverket-for-offentlig-upphandling-en-balansakt\/\",\"name\":\"EU reviderar det framtida regelverket f\u00f6r offentlig upphandling \u2013 en balansakt - SBHSS\",\"isPartOf\":{\"@id\":\"https:\/\/www.sbhss.eu\/#website\"},\"primaryImageOfPage\":{\"@id\":\"https:\/\/www.sbhss.eu\/sv\/eu-reviderar-det-framtida-regelverket-for-offentlig-upphandling-en-balansakt\/#primaryimage\"},\"image\":{\"@id\":\"https:\/\/www.sbhss.eu\/sv\/eu-reviderar-det-framtida-regelverket-for-offentlig-upphandling-en-balansakt\/#primaryimage\"},\"thumbnailUrl\":\"https:\/\/www.sbhss.eu\/wp-content\/uploads\/2026\/04\/oip.webp\",\"datePublished\":\"2026-04-24T11:27:44+00:00\",\"dateModified\":\"2026-04-27T07:26:11+00:00\",\"author\":{\"@id\":\"https:\/\/www.sbhss.eu\/#\/schema\/person\/a4f6cc48583a193ade31f80bb6c4c559\"},\"breadcrumb\":{\"@id\":\"https:\/\/www.sbhss.eu\/sv\/eu-reviderar-det-framtida-regelverket-for-offentlig-upphandling-en-balansakt\/#breadcrumb\"},\"inLanguage\":\"sv-SE\",\"potentialAction\":[{\"@type\":\"ReadAction\",\"target\":[\"https:\/\/www.sbhss.eu\/sv\/eu-reviderar-det-framtida-regelverket-for-offentlig-upphandling-en-balansakt\/\"]}]},{\"@type\":\"ImageObject\",\"inLanguage\":\"sv-SE\",\"@id\":\"https:\/\/www.sbhss.eu\/sv\/eu-reviderar-det-framtida-regelverket-for-offentlig-upphandling-en-balansakt\/#primaryimage\",\"url\":\"https:\/\/www.sbhss.eu\/wp-content\/uploads\/2026\/04\/oip.webp\",\"contentUrl\":\"https:\/\/www.sbhss.eu\/wp-content\/uploads\/2026\/04\/oip.webp\",\"width\":474,\"height\":315},{\"@type\":\"BreadcrumbList\",\"@id\":\"https:\/\/www.sbhss.eu\/sv\/eu-reviderar-det-framtida-regelverket-for-offentlig-upphandling-en-balansakt\/#breadcrumb\",\"itemListElement\":[{\"@type\":\"ListItem\",\"position\":1,\"name\":\"Hem\",\"item\":\"https:\/\/www.sbhss.eu\/sv\/\"},{\"@type\":\"ListItem\",\"position\":2,\"name\":\"EU reviderar det framtida regelverket f\u00f6r offentlig upphandling \u2013 en balansakt\"}]},{\"@type\":\"WebSite\",\"@id\":\"https:\/\/www.sbhss.eu\/#website\",\"url\":\"https:\/\/www.sbhss.eu\/\",\"name\":\"SBHSS\",\"description\":\"\",\"potentialAction\":[{\"@type\":\"SearchAction\",\"target\":{\"@type\":\"EntryPoint\",\"urlTemplate\":\"https:\/\/www.sbhss.eu\/?s={search_term_string}\"},\"query-input\":{\"@type\":\"PropertyValueSpecification\",\"valueRequired\":true,\"valueName\":\"search_term_string\"}}],\"inLanguage\":\"sv-SE\"},{\"@type\":\"Person\",\"@id\":\"https:\/\/www.sbhss.eu\/#\/schema\/person\/a4f6cc48583a193ade31f80bb6c4c559\",\"name\":\"Hanna Bodelsson\",\"image\":{\"@type\":\"ImageObject\",\"inLanguage\":\"sv-SE\",\"@id\":\"https:\/\/secure.gravatar.com\/avatar\/82a6be8e932f090c49000b94ba63f6019b114955851a1d580c23c9f061edd2ea?s=96&d=mm&r=g\",\"url\":\"https:\/\/secure.gravatar.com\/avatar\/82a6be8e932f090c49000b94ba63f6019b114955851a1d580c23c9f061edd2ea?s=96&d=mm&r=g\",\"contentUrl\":\"https:\/\/secure.gravatar.com\/avatar\/82a6be8e932f090c49000b94ba63f6019b114955851a1d580c23c9f061edd2ea?s=96&d=mm&r=g\",\"caption\":\"Hanna Bodelsson\"},\"sameAs\":[\"http:\/\/sbhss.eu\"],\"url\":\"https:\/\/www.sbhss.eu\/sv\/author\/hanna\/\"}]}<\/script>\n<!-- \/ Yoast SEO plugin. -->","yoast_head_json":{"title":"EU reviderar det framtida regelverket f\u00f6r offentlig upphandling \u2013 en balansakt - SBHSS","robots":{"index":"index","follow":"follow","max-snippet":"max-snippet:-1","max-image-preview":"max-image-preview:large","max-video-preview":"max-video-preview:-1"},"canonical":"https:\/\/www.sbhss.eu\/sv\/eu-reviderar-det-framtida-regelverket-for-offentlig-upphandling-en-balansakt\/","og_locale":"sv_SE","og_type":"article","og_title":"EU reviderar det framtida regelverket f\u00f6r offentlig upphandling \u2013 en balansakt - SBHSS","og_description":"Under 2025 meddelade EU-kommissionen att de ska revidera 2014 \u00e5rs\u00a0direktiv\u00a0f\u00f6r offentlig upphandling, och ett f\u00f6rslag v\u00e4ntas\u00a0presenteras den 1 juli\u00a02026. I Sverige uppgick offentlig upphandling till cirka 18 procent av BNP \u00e5r 2023, och de nya direktiven kan inneb\u00e4ra stora konsekvenser f\u00f6r hur offentliga akt\u00f6rer genomf\u00f6r upphandlingar. I den h\u00e4r artikeln \u00e4mnar SBHSS d\u00e4rf\u00f6r ge en [&hellip;]","og_url":"https:\/\/www.sbhss.eu\/sv\/eu-reviderar-det-framtida-regelverket-for-offentlig-upphandling-en-balansakt\/","og_site_name":"SBHSS","article_published_time":"2026-04-24T11:27:44+00:00","article_modified_time":"2026-04-27T07:26:11+00:00","og_image":[{"width":474,"height":315,"url":"https:\/\/www.sbhss.eu\/wp-content\/uploads\/2026\/04\/oip.webp","type":"image\/webp"}],"author":"Hanna Bodelsson","twitter_card":"summary_large_image","twitter_misc":{"Skriven av":"Hanna Bodelsson","Ber\u00e4knad l\u00e4stid":"7 minuter"},"schema":{"@context":"https:\/\/schema.org","@graph":[{"@type":"Article","@id":"https:\/\/www.sbhss.eu\/sv\/eu-reviderar-det-framtida-regelverket-for-offentlig-upphandling-en-balansakt\/#article","isPartOf":{"@id":"https:\/\/www.sbhss.eu\/sv\/eu-reviderar-det-framtida-regelverket-for-offentlig-upphandling-en-balansakt\/"},"author":{"name":"Hanna Bodelsson","@id":"https:\/\/www.sbhss.eu\/#\/schema\/person\/a4f6cc48583a193ade31f80bb6c4c559"},"headline":"EU reviderar det framtida regelverket f\u00f6r offentlig upphandling \u2013 en balansakt","datePublished":"2026-04-24T11:27:44+00:00","dateModified":"2026-04-27T07:26:11+00:00","mainEntityOfPage":{"@id":"https:\/\/www.sbhss.eu\/sv\/eu-reviderar-det-framtida-regelverket-for-offentlig-upphandling-en-balansakt\/"},"wordCount":1525,"image":{"@id":"https:\/\/www.sbhss.eu\/sv\/eu-reviderar-det-framtida-regelverket-for-offentlig-upphandling-en-balansakt\/#primaryimage"},"thumbnailUrl":"https:\/\/www.sbhss.eu\/wp-content\/uploads\/2026\/04\/oip.webp","keywords":["Blekinge","Bryssel","brysselkontor","buy european","COM","Commission","Committee of the Regions","digitalisering","energi","EP","EU","EU-kommissionen","Europa","Europaparlamentet","European Parliament","europeiska regionkommitt\u00e9n","Europeiska unionen","gr\u00f6na given","Halland","industri","innovation","j\u00f6nk\u00f6ping","j\u00f6nk\u00f6ping university","kalmar","Klimat","kommissionen","konkurrenskraft","Linn\u00e9universitetet","lou","MFF","offentlig upphandling","Region Blekinge","Region Halland","Region J\u00f6nk\u00f6pings L\u00e4n","Region Kalmar l\u00e4n","region kronoberg","region utveckling","Regionkommitt\u00e9n","SBHSS","skr","Sm\u00e5land","Sm\u00e5land Blekinge Halland","sm\u00e5land blekinge halland south sweden","Sverige"],"articleSection":["Okategoriserad"],"inLanguage":"sv-SE"},{"@type":"WebPage","@id":"https:\/\/www.sbhss.eu\/sv\/eu-reviderar-det-framtida-regelverket-for-offentlig-upphandling-en-balansakt\/","url":"https:\/\/www.sbhss.eu\/sv\/eu-reviderar-det-framtida-regelverket-for-offentlig-upphandling-en-balansakt\/","name":"EU reviderar det framtida regelverket f\u00f6r offentlig upphandling \u2013 en balansakt - SBHSS","isPartOf":{"@id":"https:\/\/www.sbhss.eu\/#website"},"primaryImageOfPage":{"@id":"https:\/\/www.sbhss.eu\/sv\/eu-reviderar-det-framtida-regelverket-for-offentlig-upphandling-en-balansakt\/#primaryimage"},"image":{"@id":"https:\/\/www.sbhss.eu\/sv\/eu-reviderar-det-framtida-regelverket-for-offentlig-upphandling-en-balansakt\/#primaryimage"},"thumbnailUrl":"https:\/\/www.sbhss.eu\/wp-content\/uploads\/2026\/04\/oip.webp","datePublished":"2026-04-24T11:27:44+00:00","dateModified":"2026-04-27T07:26:11+00:00","author":{"@id":"https:\/\/www.sbhss.eu\/#\/schema\/person\/a4f6cc48583a193ade31f80bb6c4c559"},"breadcrumb":{"@id":"https:\/\/www.sbhss.eu\/sv\/eu-reviderar-det-framtida-regelverket-for-offentlig-upphandling-en-balansakt\/#breadcrumb"},"inLanguage":"sv-SE","potentialAction":[{"@type":"ReadAction","target":["https:\/\/www.sbhss.eu\/sv\/eu-reviderar-det-framtida-regelverket-for-offentlig-upphandling-en-balansakt\/"]}]},{"@type":"ImageObject","inLanguage":"sv-SE","@id":"https:\/\/www.sbhss.eu\/sv\/eu-reviderar-det-framtida-regelverket-for-offentlig-upphandling-en-balansakt\/#primaryimage","url":"https:\/\/www.sbhss.eu\/wp-content\/uploads\/2026\/04\/oip.webp","contentUrl":"https:\/\/www.sbhss.eu\/wp-content\/uploads\/2026\/04\/oip.webp","width":474,"height":315},{"@type":"BreadcrumbList","@id":"https:\/\/www.sbhss.eu\/sv\/eu-reviderar-det-framtida-regelverket-for-offentlig-upphandling-en-balansakt\/#breadcrumb","itemListElement":[{"@type":"ListItem","position":1,"name":"Hem","item":"https:\/\/www.sbhss.eu\/sv\/"},{"@type":"ListItem","position":2,"name":"EU reviderar det framtida regelverket f\u00f6r offentlig upphandling \u2013 en balansakt"}]},{"@type":"WebSite","@id":"https:\/\/www.sbhss.eu\/#website","url":"https:\/\/www.sbhss.eu\/","name":"SBHSS","description":"","potentialAction":[{"@type":"SearchAction","target":{"@type":"EntryPoint","urlTemplate":"https:\/\/www.sbhss.eu\/?s={search_term_string}"},"query-input":{"@type":"PropertyValueSpecification","valueRequired":true,"valueName":"search_term_string"}}],"inLanguage":"sv-SE"},{"@type":"Person","@id":"https:\/\/www.sbhss.eu\/#\/schema\/person\/a4f6cc48583a193ade31f80bb6c4c559","name":"Hanna Bodelsson","image":{"@type":"ImageObject","inLanguage":"sv-SE","@id":"https:\/\/secure.gravatar.com\/avatar\/82a6be8e932f090c49000b94ba63f6019b114955851a1d580c23c9f061edd2ea?s=96&d=mm&r=g","url":"https:\/\/secure.gravatar.com\/avatar\/82a6be8e932f090c49000b94ba63f6019b114955851a1d580c23c9f061edd2ea?s=96&d=mm&r=g","contentUrl":"https:\/\/secure.gravatar.com\/avatar\/82a6be8e932f090c49000b94ba63f6019b114955851a1d580c23c9f061edd2ea?s=96&d=mm&r=g","caption":"Hanna Bodelsson"},"sameAs":["http:\/\/sbhss.eu"],"url":"https:\/\/www.sbhss.eu\/sv\/author\/hanna\/"}]}},"_links":{"self":[{"href":"https:\/\/www.sbhss.eu\/sv\/wp-json\/wp\/v2\/posts\/9731","targetHints":{"allow":["GET"]}}],"collection":[{"href":"https:\/\/www.sbhss.eu\/sv\/wp-json\/wp\/v2\/posts"}],"about":[{"href":"https:\/\/www.sbhss.eu\/sv\/wp-json\/wp\/v2\/types\/post"}],"author":[{"embeddable":true,"href":"https:\/\/www.sbhss.eu\/sv\/wp-json\/wp\/v2\/users\/27"}],"replies":[{"embeddable":true,"href":"https:\/\/www.sbhss.eu\/sv\/wp-json\/wp\/v2\/comments?post=9731"}],"version-history":[{"count":12,"href":"https:\/\/www.sbhss.eu\/sv\/wp-json\/wp\/v2\/posts\/9731\/revisions"}],"predecessor-version":[{"id":9755,"href":"https:\/\/www.sbhss.eu\/sv\/wp-json\/wp\/v2\/posts\/9731\/revisions\/9755"}],"wp:featuredmedia":[{"embeddable":true,"href":"https:\/\/www.sbhss.eu\/sv\/wp-json\/wp\/v2\/media\/9749"}],"wp:attachment":[{"href":"https:\/\/www.sbhss.eu\/sv\/wp-json\/wp\/v2\/media?parent=9731"}],"wp:term":[{"taxonomy":"category","embeddable":true,"href":"https:\/\/www.sbhss.eu\/sv\/wp-json\/wp\/v2\/categories?post=9731"},{"taxonomy":"post_tag","embeddable":true,"href":"https:\/\/www.sbhss.eu\/sv\/wp-json\/wp\/v2\/tags?post=9731"}],"curies":[{"name":"wp","href":"https:\/\/api.w.org\/{rel}","templated":true}]}}